{"id":19162,"date":"2025-08-07T01:10:11","date_gmt":"2025-08-07T01:10:11","guid":{"rendered":"https:\/\/www.europesays.com\/pt\/19162\/"},"modified":"2025-08-07T01:10:11","modified_gmt":"2025-08-07T01:10:11","slug":"concurso-do-tiktok-vai-premiar-e-publicar-escritores-independentes","status":"publish","type":"post","link":"https:\/\/www.europesays.com\/pt\/19162\/","title":{"rendered":"Concurso do TikTok vai premiar e publicar escritores independentes"},"content":{"rendered":"<p class=\"my-5 break-words group-[.isActiveSource]:text-xl\">O <strong class=\"group-[.isActiveSource]:text-xl group-[.isActiveSource]:font-bold\">TikTok lan\u00e7a seu primeiro concurso liter\u00e1rio<\/strong>, <strong class=\"group-[.isActiveSource]:text-xl group-[.isActiveSource]:font-bold\">&#8220;Livros do Futuro&#8221;<\/strong>, para descobrir e premiar autores independentes nacionais. As inscri\u00e7\u00f5es abrem na pr\u00f3xima segunda-feira (11).<\/p>\n<p class=\"my-5 break-words group-[.isActiveSource]:text-xl\">O concurso ocorre em parceria com tr\u00eas grandes editoras nacionais, <strong class=\"group-[.isActiveSource]:text-xl group-[.isActiveSource]:font-bold\">Globo Livros, HarperCollins Brasil e Record<\/strong>, e vai premiar tr\u00eas obras in\u00e9ditas, cada uma de um g\u00eanero liter\u00e1rio: romance jovem adulto, suspense e fantasia.<\/p>\n<p>Como participar?<\/p>\n<p class=\"my-5 break-words group-[.isActiveSource]:text-xl\">Para concorrer, <strong class=\"group-[.isActiveSource]:text-xl group-[.isActiveSource]:font-bold\">os autores devem se inscrever entre 11 e 30 de agosto<\/strong> por meio do<a href=\"https:\/\/livrosdofuturo.com\/\" target=\"_blank\" rel=\"noopener noreferrer nofollow\" class=\"text-red-600 underline hover:text-red-500 font-medium break-words group-[.isActiveSource]:text-xl\"> site oficial do concurso <\/a>e enviar uma sinopse em PDF de sua obra, que contenha entre 1.000 e 1.500 palavras.\u00a0<\/p>\n<p class=\"my-5 break-words group-[.isActiveSource]:text-xl\">Aqueles que forem selecionados nessa primeira fase avan\u00e7am para a pr\u00f3xima etapa: uma <strong class=\"group-[.isActiveSource]:text-xl group-[.isActiveSource]:font-bold\">vota\u00e7\u00e3o aberta de v\u00eddeos no\u00a0TikTok sobre os livros<\/strong>.<\/p>\n<p class=\"my-5 break-words group-[.isActiveSource]:text-xl\">A terceira e \u00faltima fase vai escolher os tr\u00eas vencedores atrav\u00e9s de uma <strong class=\"group-[.isActiveSource]:text-xl group-[.isActiveSource]:font-bold\">avalia\u00e7\u00e3o dos manuscritos completos por um j\u00fari qualificado<\/strong>.<\/p>\n<p class=\"my-5 break-words group-[.isActiveSource]:text-xl\">Os livros premiados ser\u00e3o publicados a partir de fevereiro de 2026. Al\u00e9m da publica\u00e7\u00e3o, cada escritor receber\u00e1 R$ 10 mil em adiantamento de royalties, sob responsabilidade das editoras, e ter\u00e1 \u00e0 disposi\u00e7\u00e3o mais de R$ 300 mil para a divulga\u00e7\u00e3o do lan\u00e7amento de seus livros, tanto dentro quanto fora do\u00a0TikTok, al\u00e9m de um incentivo imediato de mais R$ 10 mil.<\/p>\n<p class=\"my-5 break-words group-[.isActiveSource]:text-xl\">A iniciativa reflete <a href=\"https:\/\/www.cnnbrasil.com.br\/entretenimento\/booktok-comunidade-do-tiktok-influencia-o-mercado-de-livros-no-brasil\/\" target=\"_self\" rel=\"nofollow noopener\" class=\"text-red-600 underline hover:text-red-500 font-medium break-words group-[.isActiveSource]:text-xl\">o tamanho da comunidade BookTok no Brasil<\/a> e o impacto que a platforma \u2013 e os leitores que a utilizam \u2013 tem tido no mercado editorial brasileiro.<\/p>\n<p class=\"my-5 break-words group-[.isActiveSource]:text-xl\">O\u00a0nicho do TikTok em que criadores de conte\u00fado indicam livros, fazem resenhas e recuperam autores cl\u00e1ssicos \u2013 identificado pela #BookTok ou #BookTokBrasil \u2013 acumula mais de 60 milh\u00f5es de publica\u00e7\u00f5es globalmente. Apenas no Brasil, nos primeiros seis meses do ano, as duas hashtags tiveram um aumento de 28% nas buscas.<\/p>\n<p class=\"my-5 break-words group-[.isActiveSource]:text-xl\">Os v\u00eddeos sobre livros come\u00e7aram a ganhar proje\u00e7\u00e3o no TikTok durante a pandemia, em 2020. Desde ent\u00e3o, a\u00a0<a class=\"text-red-600 underline hover:text-red-500 font-medium break-words group-[.isActiveSource]:text-xl\" href=\"https:\/\/www.cnnbrasil.com.br\/entretenimento\/fernanda-torres-cria-perfil-no-tiktok-para-falar-sobre-literatura-estreando\/\" target=\"_self\" rel=\"nofollow noopener\">comunidade de &#8220;booktokers&#8221; cresceu<\/a>\u00a0tanto que viralizar na rede social pode ser determinante para que um livro entre na lista de mais vendidos ou n\u00e3o.<\/p>\n","protected":false},"excerpt":{"rendered":"O TikTok lan\u00e7a seu primeiro concurso liter\u00e1rio, &#8220;Livros do Futuro&#8221;, para descobrir e premiar autores independentes nacionais. As&hellip;\n","protected":false},"author":2,"featured_media":19163,"comment_status":"","ping_status":"","sticky":false,"template":"","format":"standard","meta":{"footnotes":""},"categories":[143],"tags":[169,114,115,170,32,33],"class_list":{"0":"post-19162","1":"post","2":"type-post","3":"status-publish","4":"format-standard","5":"has-post-thumbnail","7":"category-livros","8":"tag-books","9":"tag-entertainment","10":"tag-entretenimento","11":"tag-livros","12":"tag-portugal","13":"tag-pt"},"share_on_mastodon":{"url":"","error":""},"_links":{"self":[{"href":"https:\/\/www.europesays.com\/pt\/wp-json\/wp\/v2\/posts\/19162","targetHints":{"allow":["GET"]}}],"collection":[{"href":"https:\/\/www.europesays.com\/pt\/wp-json\/wp\/v2\/posts"}],"about":[{"href":"https:\/\/www.europesays.com\/pt\/wp-json\/wp\/v2\/types\/post"}],"author":[{"embeddable":true,"href":"https:\/\/www.europesays.com\/pt\/wp-json\/wp\/v2\/users\/2"}],"replies":[{"embeddable":true,"href":"https:\/\/www.europesays.com\/pt\/wp-json\/wp\/v2\/comments?post=19162"}],"version-history":[{"count":0,"href":"https:\/\/www.europesays.com\/pt\/wp-json\/wp\/v2\/posts\/19162\/revisions"}],"wp:featuredmedia":[{"embeddable":true,"href":"https:\/\/www.europesays.com\/pt\/wp-json\/wp\/v2\/media\/19163"}],"wp:attachment":[{"href":"https:\/\/www.europesays.com\/pt\/wp-json\/wp\/v2\/media?parent=19162"}],"wp:term":[{"taxonomy":"category","embeddable":true,"href":"https:\/\/www.europesays.com\/pt\/wp-json\/wp\/v2\/categories?post=19162"},{"taxonomy":"post_tag","embeddable":true,"href":"https:\/\/www.europesays.com\/pt\/wp-json\/wp\/v2\/tags?post=19162"}],"curies":[{"name":"wp","href":"https:\/\/api.w.org\/{rel}","templated":true}]}}