{"id":191624,"date":"2025-12-17T04:15:09","date_gmt":"2025-12-17T04:15:09","guid":{"rendered":"https:\/\/www.europesays.com\/pt\/191624\/"},"modified":"2025-12-17T04:15:09","modified_gmt":"2025-12-17T04:15:09","slug":"aliada-da-paramount-desiste-de-aquisicao-da-warner","status":"publish","type":"post","link":"https:\/\/www.europesays.com\/pt\/191624\/","title":{"rendered":"Aliada da Paramount desiste de aquisi\u00e7\u00e3o da Warner"},"content":{"rendered":"<p class=\"wp-block-yoast-seo-estimated-reading-time yoast-reading-time__wrapper\">Estimated reading time: 2 minutos<\/p>\n<p>As m\u00e1s not\u00edcias n\u00e3o param de surgir para a <a href=\"https:\/\/ovicio.com.br\/tag\/paramount\/\" rel=\"nofollow noopener\" target=\"_blank\">Paramount<\/a> de <strong>David Ellison<\/strong>. A <strong>Affinity Partners<\/strong>, uma das principais aliadas da empresa em sua tentativa de aquisi\u00e7\u00e3o hostil da <a href=\"https:\/\/ovicio.com.br\/tag\/warner\/\" rel=\"nofollow noopener\" target=\"_blank\">Warner Bros. Discovery<\/a> por US$ 108 bilh\u00f5es, anunciou que desistiu do neg\u00f3cio, de acordo com a <a href=\"https:\/\/variety.com\/2025\/film\/news\/jared-kushner-backs-out-of-paramount-warner-bros-discovery-bid-1236610316\/\" target=\"_blank\" rel=\"noreferrer noopener nofollow\">Variety<\/a>.<\/p>\n<p>Um representante disse em um comunicado: <strong>&#8220;Com dois fortes concorrentes disputando o futuro deste ativo americano \u00fanico, a Affinity decidiu n\u00e3o prosseguir com a oportunidade. Continuamos acreditando que existe uma forte justificativa estrat\u00e9gica para a oferta da Paramount.\u201d<\/strong><\/p>\n<p>A <strong>Affinity Partners<\/strong> \u00e9 comandada por <strong>Jared Kushner<\/strong>, que \u00e9 genro do atual presidente dos Estados Unidos, <strong>Donald Trump<\/strong>. Junto com um fundo \u00e1rabe, a <strong>Affinity Partners<\/strong> dava suporte financeiro significativo na oferta de US$ 108 bilh\u00f5es da <strong>Paramount<\/strong>. Agora, a empresa de <strong>David Ellison<\/strong> n\u00e3o pode mais contar com esse dinheiro.<\/p>\n<p>Por falar em Trump, o presidente norte-americano vem fazendo o poss\u00edvel para deixar claro que n\u00e3o \u00e9 amigo da fam\u00edlia Ellison. Recentemente, o pol\u00edtico reclamou da maneira que vem sendo tratado no programa <strong>60 Minutes<\/strong>, da <strong>CBS<\/strong> (que pertence \u00e0 <strong>Paramount<\/strong>), indicando que a gest\u00e3o da fam\u00edlia Ellison s\u00f3 piorou o seu tratamento e que <strong>&#8220;se esses s\u00e3o os meus amigos, ent\u00e3o n\u00e3o quero ver meus inimigos&#8221;<\/strong>.<\/p>\n<p>A confirma\u00e7\u00e3o da desist\u00eancia da <strong>Affinity Partners<\/strong> chega horas depois de um relat\u00f3rio da <a href=\"https:\/\/www.bloomberg.com\/news\/articles\/2025-12-16\/warner-bros-said-to-prep-paramount-rejection-on-funding-terms?srnd=undefined\" target=\"_blank\" rel=\"noreferrer noopener nofollow\">Bloomberg<\/a> afirmar que, ap\u00f3s v\u00e1rias reuni\u00f5es, a lideran\u00e7a da <strong>Warner<\/strong> est\u00e1 determinada a recusar a oferta de aquisi\u00e7\u00e3o hostil de US$ 108 bilh\u00f5es da <strong>Paramount<\/strong>. Eles v\u00e3o continuar com o seu acordo com a <a href=\"https:\/\/ovicio.com.br\/tag\/netflix\/\" rel=\"nofollow noopener\" target=\"_blank\">Netflix<\/a>. A decis\u00e3o deve ser oficialmente anunciada nos pr\u00f3ximos dias.<\/p>\n<p>Leia tamb\u00e9m sobre a Warner e a Paramount:<\/p>\n","protected":false},"excerpt":{"rendered":"Estimated reading time: 2 minutos As m\u00e1s not\u00edcias n\u00e3o param de surgir para a Paramount de David Ellison.&hellip;\n","protected":false},"author":2,"featured_media":191625,"comment_status":"","ping_status":"","sticky":false,"template":"","format":"standard","meta":{"footnotes":""},"categories":[142],"tags":[38560,114,115,716,364,32,33,151,599],"class_list":{"0":"post-191624","1":"post","2":"type-post","3":"status-publish","4":"format-standard","5":"has-post-thumbnail","7":"category-tv","8":"tag-david-ellison","9":"tag-entertainment","10":"tag-entretenimento","11":"tag-netflix","12":"tag-paramount","13":"tag-portugal","14":"tag-pt","15":"tag-tv","16":"tag-warner"},"share_on_mastodon":{"url":"https:\/\/pubeurope.com\/@pt\/115732973003677223","error":""},"_links":{"self":[{"href":"https:\/\/www.europesays.com\/pt\/wp-json\/wp\/v2\/posts\/191624","targetHints":{"allow":["GET"]}}],"collection":[{"href":"https:\/\/www.europesays.com\/pt\/wp-json\/wp\/v2\/posts"}],"about":[{"href":"https:\/\/www.europesays.com\/pt\/wp-json\/wp\/v2\/types\/post"}],"author":[{"embeddable":true,"href":"https:\/\/www.europesays.com\/pt\/wp-json\/wp\/v2\/users\/2"}],"replies":[{"embeddable":true,"href":"https:\/\/www.europesays.com\/pt\/wp-json\/wp\/v2\/comments?post=191624"}],"version-history":[{"count":0,"href":"https:\/\/www.europesays.com\/pt\/wp-json\/wp\/v2\/posts\/191624\/revisions"}],"wp:featuredmedia":[{"embeddable":true,"href":"https:\/\/www.europesays.com\/pt\/wp-json\/wp\/v2\/media\/191625"}],"wp:attachment":[{"href":"https:\/\/www.europesays.com\/pt\/wp-json\/wp\/v2\/media?parent=191624"}],"wp:term":[{"taxonomy":"category","embeddable":true,"href":"https:\/\/www.europesays.com\/pt\/wp-json\/wp\/v2\/categories?post=191624"},{"taxonomy":"post_tag","embeddable":true,"href":"https:\/\/www.europesays.com\/pt\/wp-json\/wp\/v2\/tags?post=191624"}],"curies":[{"name":"wp","href":"https:\/\/api.w.org\/{rel}","templated":true}]}}