{"id":191658,"date":"2025-12-17T05:00:30","date_gmt":"2025-12-17T05:00:30","guid":{"rendered":"https:\/\/www.europesays.com\/pt\/191658\/"},"modified":"2025-12-17T05:00:30","modified_gmt":"2025-12-17T05:00:30","slug":"trump-pede-a-xi-para-considerar-libertar-jimmy-lai-observador","status":"publish","type":"post","link":"https:\/\/www.europesays.com\/pt\/191658\/","title":{"rendered":"Trump pede a Xi para considerar libertar Jimmy Lai \u2013 Observador"},"content":{"rendered":"<p>O presidente norte-americano, Donald Trump, revelou que pediu ao Presidente chin\u00eas, Xi Jipping, para considerar libertar o antigo magnata da comunica\u00e7\u00e3o social pr\u00f3-democracia de Hong Kong, Jimmy Lai, noticia o <a href=\"https:\/\/www.theguardian.com\/world\/2025\/dec\/16\/trump-urges-xi-jinping-to-free-hk-pro-democracy-media-tycoon-jimmy-lai\" rel=\"nofollow noopener\" target=\"_blank\">The Guardian<\/a>.<\/p>\n<p>\u201cSinto-me muito mal. Falei com o Presidente Xi sobre esse tema e pedi que considerasse a sua liberta\u00e7\u00e3o\u201d, revelou Donald Trump aos jornalistas na segunda-feira, sem especificar <strong>quando<\/strong> ou <strong>como<\/strong> fez o <strong>pedido<\/strong> a Xi Jipping.<\/p>\n<p>\u201cEle \u00e9 um homem idoso e n\u00e3o est\u00e1 bem de sa\u00fade. Por isso, fiz esse pedido. Vamos ver o que acontece\u201d.<\/p>\n<p><a href=\"https:\/\/observador.pt\/2025\/10\/30\/reuniao-entre-xi-e-trump-foi-um-grande-sucesso-e-abre-caminho-ao-fim-da-guerra-comercial\/\" rel=\"nofollow noopener\" target=\"_blank\">Trump encontrou-se com Xi numa reuni\u00e3o bilateral na Coreia do Sul em outubro<\/a>, onde ter\u00e1 discutido o caso de Lai.<\/p>\n<p>Pouco depois das declara\u00e7\u00f5es de Trump, tamb\u00e9m o secret\u00e1rio de Estado dos Estados Unidos, Marco Rubio, afirmou, em <a href=\"https:\/\/www.state.gov\/releases\/2025\/12\/verdict-in-jimmy-lai-case\/\" rel=\"nofollow noopener\" target=\"_blank\">comunicado<\/a>, que a decis\u00e3o da Justi\u00e7a de Hong Kong mostrava a determina\u00e7\u00e3o da China em \u201csilenciar aqueles que procuram proteger a liberdade de express\u00e3o e outros direitos fundamentais\u201d.<\/p>\n<p>\u201cJimmy Lai passou mais de 1.800 dias na pris\u00e3o. Junto-me ao apelo do Presidente Trump para que Pequim ponha fim a este calv\u00e1rio e liberte o Sr. Lai\u201d, escreveu Rubio na <a href=\"https:\/\/x.com\/SecRubio\/status\/2000681535595311187\" rel=\"nofollow\">rede social X<\/a>.<\/p>\n<blockquote class=\"twitter-tweet\" data-width=\"500\" data-dnt=\"true\">\n<p lang=\"en\" dir=\"ltr\">Jimmy Lai has spent over 1,800 days in prison. I echo President Trump\u2019s call for Beijing to conclude this ordeal and release Mr. Lai.<\/p>\n<p>\u2014 Secretary Marco Rubio (@SecRubio) <a href=\"https:\/\/twitter.com\/SecRubio\/status\/2000681535595311187?ref_src=twsrc%5Etfw\" rel=\"nofollow noopener\" target=\"_blank\">December 15, 2025<\/a><\/p>\n<\/blockquote>\n<p>A justi\u00e7a de Hong Kong considerou esta segunda-feira Jimmy Lai Chee-ying, o antigo magnata da comunica\u00e7\u00e3o social pr\u00f3-democracia, <a href=\"https:\/\/observador.pt\/2025\/12\/15\/ex-magnata-pro-democracia-de-hong-kong-culpado-de-violar-lei-da-seguranca-nacional\/\" rel=\"nofollow noopener\" target=\"_blank\">culpado de violar a lei de seguran\u00e7a nacional da regi\u00e3o chinesa<\/a>. Est\u00e1 preso desde dezembro de 2020 e dever\u00e1 ser condenado no in\u00edcio do pr\u00f3ximo ano.<\/p>\n<p>            <script async src=\"https:\/\/platform.twitter.com\/widgets.js\" charset=\"utf-8\"><\/script><\/p>\n","protected":false},"excerpt":{"rendered":"O presidente norte-americano, Donald Trump, revelou que pediu ao Presidente chin\u00eas, Xi Jipping, para considerar libertar o antigo&hellip;\n","protected":false},"author":2,"featured_media":191659,"comment_status":"","ping_status":"","sticky":false,"template":"","format":"standard","meta":{"footnotes":""},"categories":[50],"tags":[624,27,28,358,92,623,15,16,14,12212,25,26,21,22,62,12,13,19,20,23,24,17,18,29,30,31,63,64,65,7719],"class_list":{"0":"post-191658","1":"post","2":"type-post","3":"status-publish","4":"format-standard","5":"has-post-thumbnail","7":"category-mundo","8":"tag-amu00e9rica","9":"tag-breaking-news","10":"tag-breakingnews","11":"tag-china","12":"tag-donald-trump","13":"tag-estados-unidos-da-amu00e9rica","14":"tag-featured-news","15":"tag-featurednews","16":"tag-headlines","17":"tag-hong-kong","18":"tag-latest-news","19":"tag-latestnews","20":"tag-main-news","21":"tag-mainnews","22":"tag-mundo","23":"tag-news","24":"tag-noticias","25":"tag-noticias-principais","26":"tag-noticiasprincipais","27":"tag-principais-noticias","28":"tag-principaisnoticias","29":"tag-top-stories","30":"tag-topstories","31":"tag-ultimas","32":"tag-ultimas-noticias","33":"tag-ultimasnoticias","34":"tag-world","35":"tag-world-news","36":"tag-worldnews","37":"tag-xi-jinping"},"share_on_mastodon":{"url":"https:\/\/pubeurope.com\/@pt\/115733149992597324","error":""},"_links":{"self":[{"href":"https:\/\/www.europesays.com\/pt\/wp-json\/wp\/v2\/posts\/191658","targetHints":{"allow":["GET"]}}],"collection":[{"href":"https:\/\/www.europesays.com\/pt\/wp-json\/wp\/v2\/posts"}],"about":[{"href":"https:\/\/www.europesays.com\/pt\/wp-json\/wp\/v2\/types\/post"}],"author":[{"embeddable":true,"href":"https:\/\/www.europesays.com\/pt\/wp-json\/wp\/v2\/users\/2"}],"replies":[{"embeddable":true,"href":"https:\/\/www.europesays.com\/pt\/wp-json\/wp\/v2\/comments?post=191658"}],"version-history":[{"count":0,"href":"https:\/\/www.europesays.com\/pt\/wp-json\/wp\/v2\/posts\/191658\/revisions"}],"wp:featuredmedia":[{"embeddable":true,"href":"https:\/\/www.europesays.com\/pt\/wp-json\/wp\/v2\/media\/191659"}],"wp:attachment":[{"href":"https:\/\/www.europesays.com\/pt\/wp-json\/wp\/v2\/media?parent=191658"}],"wp:term":[{"taxonomy":"category","embeddable":true,"href":"https:\/\/www.europesays.com\/pt\/wp-json\/wp\/v2\/categories?post=191658"},{"taxonomy":"post_tag","embeddable":true,"href":"https:\/\/www.europesays.com\/pt\/wp-json\/wp\/v2\/tags?post=191658"}],"curies":[{"name":"wp","href":"https:\/\/api.w.org\/{rel}","templated":true}]}}