{"id":191662,"date":"2025-12-17T05:06:21","date_gmt":"2025-12-17T05:06:21","guid":{"rendered":"https:\/\/www.europesays.com\/pt\/191662\/"},"modified":"2025-12-17T05:06:21","modified_gmt":"2025-12-17T05:06:21","slug":"francisco-monteiro-implacavel-com-pedro-e-marisa-nao-consigo-ve-los-como-casal-secret-story","status":"publish","type":"post","link":"https:\/\/www.europesays.com\/pt\/191662\/","title":{"rendered":"Francisco Monteiro implac\u00e1vel com Pedro e Marisa: \u00abN\u00e3o consigo v\u00ea-los como casal\u00bb &#8211; Secret Story"},"content":{"rendered":"<p>No Extra do Secret Story 9, o casal Marisa e Pedro foi tema e Francisco Monteiro assumiu que n\u00e3o consegue olhar para os concorrentes como tal. \u00abFaz-me confus\u00e3o\u00bb, diz. Veja tudo.\u00a0<\/p>\n<p><strong>J\u00e1 pode votar para salvar o seu concorrente favorito. Vote atrav\u00e9s da App TVI Reality ou das linhas telef\u00f3nicas.<\/strong><\/p>\n<p>VOTA\u00c7\u00c3O PARA SALVAR:<\/p>\n<p>F\u00c1BIO \u2013 761 20 20 08<\/p>\n<p>IN\u00caS \u2013 761 20 20 10<\/p>\n<p>PEDRO \u2013 761 20 20 18<\/p>\n<p><a href=\"https:\/\/tvi.iol.pt\/secretstory\/aominuto\" rel=\"nofollow noopener\" target=\"_blank\">Acompanhe ao minuto, tudo o que se passa dentro da casa mais vigiada do Pa\u00eds.<\/a><\/p>\n","protected":false},"excerpt":{"rendered":"No Extra do Secret Story 9, o casal Marisa e Pedro foi tema e Francisco Monteiro assumiu que&hellip;\n","protected":false},"author":2,"featured_media":191663,"comment_status":"","ping_status":"","sticky":false,"template":"","format":"standard","meta":{"footnotes":""},"categories":[142],"tags":[19230,19231,114,115,2071,19184,19229,14646,32,33,151],"class_list":{"0":"post-191662","1":"post","2":"type-post","3":"status-publish","4":"format-standard","5":"has-post-thumbnail","7":"category-tv","8":"tag-analises-tvi","9":"tag-debates-casa-dos-segredos","10":"tag-entertainment","11":"tag-entretenimento","12":"tag-francisco-monteiro","13":"tag-marisa","14":"tag-opiniao-comentadores","15":"tag-pedro","16":"tag-portugal","17":"tag-pt","18":"tag-tv"},"share_on_mastodon":{"url":"https:\/\/pubeurope.com\/@pt\/115733173601161367","error":""},"_links":{"self":[{"href":"https:\/\/www.europesays.com\/pt\/wp-json\/wp\/v2\/posts\/191662","targetHints":{"allow":["GET"]}}],"collection":[{"href":"https:\/\/www.europesays.com\/pt\/wp-json\/wp\/v2\/posts"}],"about":[{"href":"https:\/\/www.europesays.com\/pt\/wp-json\/wp\/v2\/types\/post"}],"author":[{"embeddable":true,"href":"https:\/\/www.europesays.com\/pt\/wp-json\/wp\/v2\/users\/2"}],"replies":[{"embeddable":true,"href":"https:\/\/www.europesays.com\/pt\/wp-json\/wp\/v2\/comments?post=191662"}],"version-history":[{"count":0,"href":"https:\/\/www.europesays.com\/pt\/wp-json\/wp\/v2\/posts\/191662\/revisions"}],"wp:featuredmedia":[{"embeddable":true,"href":"https:\/\/www.europesays.com\/pt\/wp-json\/wp\/v2\/media\/191663"}],"wp:attachment":[{"href":"https:\/\/www.europesays.com\/pt\/wp-json\/wp\/v2\/media?parent=191662"}],"wp:term":[{"taxonomy":"category","embeddable":true,"href":"https:\/\/www.europesays.com\/pt\/wp-json\/wp\/v2\/categories?post=191662"},{"taxonomy":"post_tag","embeddable":true,"href":"https:\/\/www.europesays.com\/pt\/wp-json\/wp\/v2\/tags?post=191662"}],"curies":[{"name":"wp","href":"https:\/\/api.w.org\/{rel}","templated":true}]}}