{"id":191666,"date":"2025-12-17T05:09:14","date_gmt":"2025-12-17T05:09:14","guid":{"rendered":"https:\/\/www.europesays.com\/pt\/191666\/"},"modified":"2025-12-17T05:09:14","modified_gmt":"2025-12-17T05:09:14","slug":"sporting-prepara-novo-ataque-por-yeremay-hernandez-em-janeiro-e-tem-trunfo-na-manga","status":"publish","type":"post","link":"https:\/\/www.europesays.com\/pt\/191666\/","title":{"rendered":"Sporting prepara novo ataque por Yeremay Hern\u00e1ndez em janeiro e tem trunfo na manga"},"content":{"rendered":"<p>&#8211; Advertisement &#8211;<\/p>\n<p><strong>O Sporting prepara a abordagem ao mercado de janeiro e tem a contrata\u00e7\u00e3o de Yeremay Hern\u00e1ndez como uma das prioridades. Extremo mais recetivo a sa\u00edda. <\/strong><\/p>\n<p>O Sporting est\u00e1 a definir a estrat\u00e9gia para o m\u00eas de janeiro e tem a transfer\u00eancia de Yeremay Hern\u00e1ndez como prioridade. O extremo j\u00e1 era alvo dos le\u00f5es no ver\u00e3o e<a href=\"https:\/\/bolanarede.pt\/especial-bola-na-rede\/atualidade\/yeremay-hernandez-volta-ao-radar-do-sporting-para-o-mercado-de-janeiro\/\" target=\"_blank\" rel=\"noreferrer noopener nofollow\"> a sua chegada continua em cima da mesa. <\/a><\/p>\n<p>A opera\u00e7\u00e3o n\u00e3o \u00e9 f\u00e1cil e obrigar\u00e1 o Sporting a um alto investimento. Ainda assim, segundo o jornal A Bola, os le\u00f5es t\u00eam no jogador um aliado. Apesar das muitas recusas em v\u00e1rios clubes europeus, Yeremay Hern\u00e1ndez est\u00e1 recetivo a uma mudan\u00e7a para Alvalade.<\/p>\n<p>Este j\u00e1 havia sido o mote do ver\u00e3o, com o extremo a aceitar uma transfer\u00eancia para o Sporting. Com a boa campanha dos le\u00f5es na Champions League e na Primeira Liga, o interesse do jovem espanhol foi renovado. Ainda assim, e como no \u00faltimo ver\u00e3o, <a href=\"https:\/\/bolanarede.pt\/especial-bola-na-rede\/atualidade\/yeremay-hernandez-alvo-do-sporting-fala-sobre-o-mercado-de-transferencias-estou-num-sitio-onde-a-gente-me-quer\/\" target=\"_blank\" rel=\"noreferrer noopener nofollow\">o jogador n\u00e3o vai for\u00e7ar uma sa\u00edda.<\/a><\/p>\n<p>Recorde-se que, h\u00e1 poucos meses, uma proposta de 25+5 milh\u00f5es de euros n\u00e3o foi suficiente para o Deportivo da Corunha aceitar fazer neg\u00f3cio. O emblema galego est\u00e1 na luta pela subida \u00e0 La Liga, em segundo lugar na segunda divis\u00e3o, e Yeremay Hern\u00e1ndez tem sido fulcral para esta campanha com sete golos e cinco assist\u00eancias em 18 jogos.<\/p>\n","protected":false},"excerpt":{"rendered":"&#8211; Advertisement &#8211; O Sporting prepara a abordagem ao mercado de janeiro e tem a contrata\u00e7\u00e3o de Yeremay&hellip;\n","protected":false},"author":2,"featured_media":191667,"comment_status":"","ping_status":"","sticky":false,"template":"","format":"standard","meta":{"footnotes":""},"categories":[87],"tags":[260,9225,135,478,3085,32,479,33,34,134,9128],"class_list":{"0":"post-191666","1":"post","2":"type-post","3":"status-publish","4":"format-standard","5":"has-post-thumbnail","7":"category-desporto","8":"tag-atualidade","9":"tag-deportivo-da-corunha","10":"tag-desporto","11":"tag-destaques-bnr","12":"tag-la-liga-2","13":"tag-portugal","14":"tag-primeira-liga","15":"tag-pt","16":"tag-sporting","17":"tag-sports","18":"tag-yeremay-hernandez"},"share_on_mastodon":{"url":"https:\/\/pubeurope.com\/@pt\/115733185546924964","error":""},"_links":{"self":[{"href":"https:\/\/www.europesays.com\/pt\/wp-json\/wp\/v2\/posts\/191666","targetHints":{"allow":["GET"]}}],"collection":[{"href":"https:\/\/www.europesays.com\/pt\/wp-json\/wp\/v2\/posts"}],"about":[{"href":"https:\/\/www.europesays.com\/pt\/wp-json\/wp\/v2\/types\/post"}],"author":[{"embeddable":true,"href":"https:\/\/www.europesays.com\/pt\/wp-json\/wp\/v2\/users\/2"}],"replies":[{"embeddable":true,"href":"https:\/\/www.europesays.com\/pt\/wp-json\/wp\/v2\/comments?post=191666"}],"version-history":[{"count":0,"href":"https:\/\/www.europesays.com\/pt\/wp-json\/wp\/v2\/posts\/191666\/revisions"}],"wp:featuredmedia":[{"embeddable":true,"href":"https:\/\/www.europesays.com\/pt\/wp-json\/wp\/v2\/media\/191667"}],"wp:attachment":[{"href":"https:\/\/www.europesays.com\/pt\/wp-json\/wp\/v2\/media?parent=191666"}],"wp:term":[{"taxonomy":"category","embeddable":true,"href":"https:\/\/www.europesays.com\/pt\/wp-json\/wp\/v2\/categories?post=191666"},{"taxonomy":"post_tag","embeddable":true,"href":"https:\/\/www.europesays.com\/pt\/wp-json\/wp\/v2\/tags?post=191666"}],"curies":[{"name":"wp","href":"https:\/\/api.w.org\/{rel}","templated":true}]}}