{"id":191684,"date":"2025-12-17T05:45:15","date_gmt":"2025-12-17T05:45:15","guid":{"rendered":"https:\/\/www.europesays.com\/pt\/191684\/"},"modified":"2025-12-17T05:45:15","modified_gmt":"2025-12-17T05:45:15","slug":"premio-f5-relembre-os-mais-sexy-e-vote-no-seu-favorito-16-12-2025-premio-f5","status":"publish","type":"post","link":"https:\/\/www.europesays.com\/pt\/191684\/","title":{"rendered":"Pr\u00eamio F5: Relembre os mais sexy e vote no seu favorito &#8211; 16\/12\/2025 &#8211; Pr\u00eamio F5"},"content":{"rendered":"<p>\n<strong class=\"c-signature__location\">S\u00e3o Paulo<\/strong>\n<\/p>\n<p>Al\u00e9m de nos proporcionarem entretenimento, alguns artistas esbanjaram sensualidade em 2025 e, por isso, eles concorrem ao <a href=\"https:\/\/f5.folha.uol.com.br\/premio-f5\/\" rel=\"nofollow noopener\" target=\"\">Pr\u00eamio F5<\/a> na categoria pessoa mais sexy do ano. \u00c9 o caso de <a href=\"https:\/\/f5.folha.uol.com.br\/celebridades\/2025\/09\/the-town-alanis-guillen-diz-estar-recebendo-muito-amor-do-publico-lgbt-quero-novos-projetos.shtml\" rel=\"nofollow noopener\" target=\"\">Alanis Guillen<\/a>, que chamou a aten\u00e7\u00e3o dos telespectadores brasileiros e at\u00e9 dos estrangeiros com o romance de <a href=\"https:\/\/f5.folha.uol.com.br\/televisao\/2025\/12\/gabriela-medvedovsky-celebra-beijo-de-juquinha-e-lorena-do-jeito-que-esse-casal-merece.shtml\" rel=\"nofollow noopener\" target=\"\">Lorena e Juquinha (Gabriela Medvedovsky)<\/a> em &#8220;<a href=\"https:\/\/www1.folha.uol.com.br\/folha-topicos\/tres-gracas\/\" rel=\"nofollow noopener\" target=\"\">Tr\u00eas Gra\u00e7as<\/a>&#8220;.<\/p>\n","protected":false},"excerpt":{"rendered":"S\u00e3o Paulo Al\u00e9m de nos proporcionarem entretenimento, alguns artistas esbanjaram sensualidade em 2025 e, por isso, eles concorrem&hellip;\n","protected":false},"author":2,"featured_media":191685,"comment_status":"","ping_status":"","sticky":false,"template":"","format":"standard","meta":{"footnotes":""},"categories":[145],"tags":[4386,38568,219,211,210,223,114,115,224,225,226,753,221,220,222,716,2927,32,38567,33,1588,940,2566,218,15806,12068,228,2930,227,10398],"class_list":{"0":"post-191684","1":"post","2":"type-post","3":"status-publish","4":"format-standard","5":"has-post-thumbnail","7":"category-celebridades","8":"tag-alanis-guillen","9":"tag-andr-lamoglia","10":"tag-bichos","11":"tag-celebridades","12":"tag-celebrities","13":"tag-colunistas","14":"tag-entertainment","15":"tag-entretenimento","16":"tag-estranho","17":"tag-eu-amo","18":"tag-fofices","19":"tag-globo","20":"tag-horoscopo","21":"tag-humanos","22":"tag-humor","23":"tag-netflix","24":"tag-paolla-oliveira","25":"tag-portugal","26":"tag-prmio-f5","27":"tag-pt","28":"tag-sries","29":"tag-streaming","30":"tag-televiso","31":"tag-televisao","32":"tag-trs-graas","33":"tag-trememb","34":"tag-tudo","35":"tag-vale-tudo-novela","36":"tag-videos","37":"tag-xam"},"share_on_mastodon":{"url":"https:\/\/pubeurope.com\/@pt\/115733326903029867","error":""},"_links":{"self":[{"href":"https:\/\/www.europesays.com\/pt\/wp-json\/wp\/v2\/posts\/191684","targetHints":{"allow":["GET"]}}],"collection":[{"href":"https:\/\/www.europesays.com\/pt\/wp-json\/wp\/v2\/posts"}],"about":[{"href":"https:\/\/www.europesays.com\/pt\/wp-json\/wp\/v2\/types\/post"}],"author":[{"embeddable":true,"href":"https:\/\/www.europesays.com\/pt\/wp-json\/wp\/v2\/users\/2"}],"replies":[{"embeddable":true,"href":"https:\/\/www.europesays.com\/pt\/wp-json\/wp\/v2\/comments?post=191684"}],"version-history":[{"count":0,"href":"https:\/\/www.europesays.com\/pt\/wp-json\/wp\/v2\/posts\/191684\/revisions"}],"wp:featuredmedia":[{"embeddable":true,"href":"https:\/\/www.europesays.com\/pt\/wp-json\/wp\/v2\/media\/191685"}],"wp:attachment":[{"href":"https:\/\/www.europesays.com\/pt\/wp-json\/wp\/v2\/media?parent=191684"}],"wp:term":[{"taxonomy":"category","embeddable":true,"href":"https:\/\/www.europesays.com\/pt\/wp-json\/wp\/v2\/categories?post=191684"},{"taxonomy":"post_tag","embeddable":true,"href":"https:\/\/www.europesays.com\/pt\/wp-json\/wp\/v2\/tags?post=191684"}],"curies":[{"name":"wp","href":"https:\/\/api.w.org\/{rel}","templated":true}]}}