{"id":191688,"date":"2025-12-17T05:52:27","date_gmt":"2025-12-17T05:52:27","guid":{"rendered":"https:\/\/www.europesays.com\/pt\/191688\/"},"modified":"2025-12-17T05:52:27","modified_gmt":"2025-12-17T05:52:27","slug":"empresa-portuguesa-biosurfit-integra-consorcio-europeu-que-desenvolve-dispositivo-para-combater-resistencia-antimicrobiana","status":"publish","type":"post","link":"https:\/\/www.europesays.com\/pt\/191688\/","title":{"rendered":"Empresa portuguesa Biosurfit integra Cons\u00f3rcio europeu que desenvolve dispositivo para combater resist\u00eancia antimicrobiana"},"content":{"rendered":"<p> <a href=\"https:\/\/www.tveuropa.pt\/cnt\/uploads\/F17H022-22.jpg\" data-caption=\"Empresa portuguesa Biosurfit integra Cons\u00f3rcio europeu que desenvolve dispositivo para combater resist\u00eancia antimicrobiana\" rel=\"nofollow noopener\" target=\"_blank\"><img loading=\"lazy\" decoding=\"async\" width=\"696\" height=\"464\" class=\"entry-thumb td-modal-image\" src=\"https:\/\/www.europesays.com\/pt\/wp-content\/uploads\/2025\/12\/F17H022-22-696x464.jpg\"   alt=\"Empresa portuguesa Biosurfit integra Cons\u00f3rcio europeu que desenvolve dispositivo para combater resist\u00eancia antimicrobiana\" title=\"Empresa portuguesa Biosurfit integra Cons\u00f3rcio europeu que desenvolve dispositivo para combater resist\u00eancia antimicrobiana\"\/><\/a>Empresa portuguesa Biosurfit integra Cons\u00f3rcio europeu que desenvolve dispositivo para combater resist\u00eancia antimicrobiana <\/p>\n<p>Na Uni\u00e3o Europeia a resist\u00eancia antimicrobiana causa milhares de mortes, todos os anos, e est\u00e1 a custar aos sistemas de sa\u00fade, cerca de 11 mil milh\u00f5es de euros anuais. Um dos principais fatores para a resist\u00eancia \u00e9 o uso desnecess\u00e1rio ou incorreto de antibi\u00f3ticos.<\/p>\n<p>Para diminuir a resist\u00eancia antimicrobiana, a Comiss\u00e3o Europeia est\u00e1 a investir 8,85 milh\u00f5es de euros no desenvolvimento de um dispositivo de diagn\u00f3stico inovador que ajudar\u00e1 os m\u00e9dicos a escolher os tratamentos adequados para os doentes que possam necessitar de antibi\u00f3ticos.<\/p>\n<p>Atualmente, os doentes chegam ao m\u00e9dico sob suspeita de infe\u00e7\u00e3o, e como os testes de diagn\u00f3stico s\u00e3o muitas vezes demasiado lentos ou pouco precisos para orientar de imediato as decis\u00f5es sobre o tratamento, dado que os testes s\u00e3o geralmente realizados em laborat\u00f3rios especializados, os m\u00e9dicos prescreverem alternativas de largo espectro ou de baixa atividade, o que aumenta os custos dos cuidados de sa\u00fade e agrava a resist\u00eancia antimicrobiana.<\/p>\n<p>\u201cA resist\u00eancia antimicrobiana j\u00e1 est\u00e1 a custar vidas e a sobrecarregar os sistemas de sa\u00fade europeus. Muitas vezes, os m\u00e9dicos precisam de prescrever antibi\u00f3ticos sem ter respostas diagn\u00f3sticas r\u00e1pidas e precisas. Investir em diagn\u00f3sticos r\u00e1pidos d\u00e1-lhes os meios para tratar com precis\u00e3o, em vez de por precau\u00e7\u00e3o. Isto \u00e9 prepara\u00e7\u00e3o no dia-a-dia da sa\u00fade. Se fizermos mau uso de antibi\u00f3ticos hoje, desarmamos a medicina amanh\u00e3\u201d, afirmou Hadja Lahbib, Comiss\u00e1ria Europeia para a Igualdade, Prepara\u00e7\u00e3o e Gest\u00e3o de Crises.<\/p>\n<p>A Comiss\u00e3o Europeia indicou que o novo dispositivo poder\u00e1 mudar a atual realidade, e permitir aos m\u00e9dicos determinar a presen\u00e7a de bact\u00e9rias, identificar o tipo de bact\u00e9rias e avaliar quais os antibi\u00f3ticos que ser\u00e3o mais eficazes. Isto tudo em menos de uma hora, diretamente no local de atendimento. O dispositivo compacto e port\u00e1til requer forma\u00e7\u00e3o m\u00ednima e pode ser usado num consult\u00f3rio m\u00e9dico, num servi\u00e7o de urg\u00eancia ou numa farm\u00e1cia.<\/p>\n<p>O dispositivo que \u00e9 financiado pelo Programa EU4Health est\u00e1 a ser desenvolvido por um cons\u00f3rcio de empresas europeias, reunindo cinco parceiros: ShanX MedTech B.V., dos Pa\u00edses Baixos, Aidian Oy da Finl\u00e2ndia, Biosurfit S.A. em Portugal, Unitron B.V. dos Pa\u00edses Baixos e Fundaci\u00f3n para la Investigaci\u00f3n Biom\u00e9dica del Hospital Universitario Ram\u00f3n y Cajal, em Espanha.<\/p>\n<p>  <img decoding=\"async\" style=\"display:inline-block; margin-bottom:-1px;\" alt=\"Sugerir corre\u00e7\u00e3o\" title=\"Sugerir corre\u00e7\u00e3o\" width=\"10px\" src=\"https:\/\/www.europesays.com\/pt\/wp-content\/uploads\/2025\/07\/ico-edit.png\"\/> Sugira uma corre\u00e7\u00e3o   <\/p>\n","protected":false},"excerpt":{"rendered":"Empresa portuguesa Biosurfit integra Cons\u00f3rcio europeu que desenvolve dispositivo para combater resist\u00eancia antimicrobiana Na Uni\u00e3o Europeia a resist\u00eancia&hellip;\n","protected":false},"author":2,"featured_media":191689,"comment_status":"","ping_status":"","sticky":false,"template":"","format":"standard","meta":{"footnotes":""},"categories":[86],"tags":[10045,1834,116,32,33,117],"class_list":{"0":"post-191688","1":"post","2":"type-post","3":"status-publish","4":"format-standard","5":"has-post-thumbnail","7":"category-saude","8":"tag-antibioticos","9":"tag-comissao-europeia","10":"tag-health","11":"tag-portugal","12":"tag-pt","13":"tag-saude"},"share_on_mastodon":{"url":"https:\/\/pubeurope.com\/@pt\/115733354626756683","error":""},"_links":{"self":[{"href":"https:\/\/www.europesays.com\/pt\/wp-json\/wp\/v2\/posts\/191688","targetHints":{"allow":["GET"]}}],"collection":[{"href":"https:\/\/www.europesays.com\/pt\/wp-json\/wp\/v2\/posts"}],"about":[{"href":"https:\/\/www.europesays.com\/pt\/wp-json\/wp\/v2\/types\/post"}],"author":[{"embeddable":true,"href":"https:\/\/www.europesays.com\/pt\/wp-json\/wp\/v2\/users\/2"}],"replies":[{"embeddable":true,"href":"https:\/\/www.europesays.com\/pt\/wp-json\/wp\/v2\/comments?post=191688"}],"version-history":[{"count":0,"href":"https:\/\/www.europesays.com\/pt\/wp-json\/wp\/v2\/posts\/191688\/revisions"}],"wp:featuredmedia":[{"embeddable":true,"href":"https:\/\/www.europesays.com\/pt\/wp-json\/wp\/v2\/media\/191689"}],"wp:attachment":[{"href":"https:\/\/www.europesays.com\/pt\/wp-json\/wp\/v2\/media?parent=191688"}],"wp:term":[{"taxonomy":"category","embeddable":true,"href":"https:\/\/www.europesays.com\/pt\/wp-json\/wp\/v2\/categories?post=191688"},{"taxonomy":"post_tag","embeddable":true,"href":"https:\/\/www.europesays.com\/pt\/wp-json\/wp\/v2\/tags?post=191688"}],"curies":[{"name":"wp","href":"https:\/\/api.w.org\/{rel}","templated":true}]}}