{"id":191694,"date":"2025-12-17T06:13:33","date_gmt":"2025-12-17T06:13:33","guid":{"rendered":"https:\/\/www.europesays.com\/pt\/191694\/"},"modified":"2025-12-17T06:13:33","modified_gmt":"2025-12-17T06:13:33","slug":"filho-de-rob-reiner-pode-ser-sentenciado-a-prisao-perpetua-16-12-2025-ilustrada","status":"publish","type":"post","link":"https:\/\/www.europesays.com\/pt\/191694\/","title":{"rendered":"Filho de Rob Reiner pode ser sentenciado \u00e0 pris\u00e3o perp\u00e9tua &#8211; 16\/12\/2025 &#8211; Ilustrada"},"content":{"rendered":"<p><a href=\"https:\/\/www1.folha.uol.com.br\/ilustrada\/2025\/12\/rob-reiner-e-homenageado-na-calcada-da-fama-de-hollywood-apos-a-sua-morte.shtml\" rel=\"nofollow noopener\" target=\"\">Nick Reiner<\/a>, filho do cineasta <a href=\"https:\/\/www1.folha.uol.com.br\/ilustrada\/2025\/12\/rob-reiner-como-diretor-integro-e-versatil-merece-sempre-ser-reverenciado.shtml\" rel=\"nofollow noopener\" target=\"\">Rob Reiner<\/a> e da fot\u00f3grafa <a href=\"https:\/\/www1.folha.uol.com.br\/ilustrada\/2025\/12\/como-romance-entre-rob-reiner-e-michele-singer-inspirou-harry-e-sally.shtml\" rel=\"nofollow noopener\" target=\"\">Michele Singer<\/a> acusado de assassinar os pais, encontrados mortos e esfaqueados no \u00faltimo domingo (14), enfrentar\u00e1 duas acusa\u00e7\u00f5es de homic\u00eddio em primeiro grau (com premedita\u00e7\u00e3o e inten\u00e7\u00e3o clara de matar). O an\u00fancio foi feito pelo promotor distrital do <a href=\"https:\/\/www1.folha.uol.com.br\/esporte\/2024\/08\/o-que-los-angeles-vai-fazer-com-sua-cracolandia-para-as-olimpiadas-de-2028.shtml\" rel=\"nofollow noopener\" target=\"\">Condado de Los Angeles<\/a>, <a href=\"https:\/\/www1.folha.uol.com.br\/mundo\/2025\/01\/promotor-de-los-angeles-acusa-10-de-cometerem-crimes-durante-incendios.shtml\" rel=\"nofollow noopener\" target=\"\">Nathan Hochman<\/a>. Nick tamb\u00e9m ser\u00e1 acusado de uso de &#8220;arma perigosa e letal&#8221;.<\/p>\n<p>Diante das &#8220;circunst\u00e2ncias especiais&#8221; em que o crime se enquadra por envolver m\u00faltiplas mortes, Nick pode ser senteciado \u00e0 pris\u00e3o perp\u00e9tua, sem possibilidade de liberdade condicional. Segundo Hochman, ainda n\u00e3o se sabe se os promotores buscar\u00e3o a possibilidade de conden\u00e1-lo \u00e0 pena de morte. Nas palavras do promotor distrital, os desejos da fam\u00edlia ser\u00e3o levados em considera\u00e7\u00e3o, procedimento padr\u00e3o em situa\u00e7\u00f5es desse tipo.<\/p>\n<p>Mesmo que a pena de morte seja um desejo dos promotores, uma medida institu\u00edda pelo governador da Calif\u00f3rnia, <a href=\"https:\/\/www1.folha.uol.com.br\/mundo\/2025\/06\/quem-e-gavin-newsom-o-governador-da-california-que-trump-ameacou-prender.shtml\" rel=\"nofollow noopener\" target=\"\">Gavin Newsom<\/a>, suspendeu a possibilidade, o que pode mudar com as elei\u00e7\u00f5es de 2026.<\/p>\n<p>A pol\u00edcia de Los Angeles j\u00e1 havia afirmado que Nick \u00e9 o respons\u00e1vel pela morte dos pais e ele permanece sob cust\u00f3dia, sem direito \u00e0 fian\u00e7a. Segundo o TMZ, uma audi\u00eancia estava prevista para a esta ter\u00e7a-feira (16) mas o suspeito n\u00e3o obteve autoriza\u00e7\u00e3o m\u00e9dica para a participa\u00e7\u00e3o. A audi\u00eancia deve ser remarcada para os pr\u00f3ximos dias, ap\u00f3s a formaliza\u00e7\u00e3o das acusa\u00e7\u00f5es.<\/p>\n<p>Segundo a CNN, uma pessoa pr\u00f3xima \u00e0 situa\u00e7\u00e3o afirmou que Nick estava morando na casa de h\u00f3spedes da fam\u00edlia Reiner, resid\u00eancia separada do im\u00f3vel principal do cineasta, quando o crime aconteceu. N\u00e3o suficiente, <a href=\"https:\/\/www1.folha.uol.com.br\/mundo\/2025\/06\/agentes-usam-granadas-de-efeito-moral-em-operacao-contra-imigrantes-nos-eua.shtml\" rel=\"nofollow noopener\" target=\"\">Jim McDonnell<\/a>, chefe da pol\u00edcia de Los Angeles, disse que os investigadores ainda conclu\u00edram se o crime aconteceu na noite do \u00faltimo s\u00e1bado (13) ou no domingo.<\/p>\n<p>A informa\u00e7\u00e3o pode alterar a forma como o caso sera processado, uma vez que fontes ligadas ao caso apontam que Nick teve uma discuss\u00e3o com o seu pai, na noite do \u00faltimo s\u00e1bado, na festa de fim de ano do comediante Conan O&#8217;Brien.<\/p>\n<p>Um dos tr\u00eas filhos do cineasta que se consagrou com t\u00edtulos como &#8220;<a href=\"https:\/\/www1.folha.uol.com.br\/fsp\/1995\/4\/27\/ilustrada\/14.html\" rel=\"nofollow noopener\" target=\"_blank\">Harry e Sally &#8211; Feitos um para o Outro<\/a>&#8220;, &#8220;<a href=\"https:\/\/www1.folha.uol.com.br\/ilustrada\/1180191-critica-conta-comigo-marcou-belo-momento-do-cinema-juvenil.shtml\" rel=\"nofollow noopener\" target=\"_blank\">Conta Comigo<\/a>, &#8220;<a href=\"https:\/\/www1.folha.uol.com.br\/fsp\/1997\/8\/31\/brasil\/7.html\" rel=\"nofollow noopener\" target=\"_blank\">Louca Obsess\u00e3o<\/a>&#8221; e &#8220;<a href=\"https:\/\/www1.folha.uol.com.br\/ilustrada\/2020\/07\/hugh-jackman-e-adam-sandler-refazem-filme-dos-anos-1980-com-celulares.shtml\" rel=\"nofollow noopener\" target=\"_blank\">A Princesa Prometida<\/a>&#8220;, Nick tem uma trajet\u00f3ria conturbada e marcada pelo v\u00edcio em drogas.<\/p>\n<p>Aos 15 anos, foi internado em uma cl\u00ednica de reabilita\u00e7\u00e3o. Em 2016, j\u00e1 havia passado por 17 interna\u00e7\u00f5es. Na \u00e9poca, participou de uma entrevista sobre sua luta contra a depend\u00eancia qu\u00edmica. Com 22 anos naquele per\u00edodo, participava da divulga\u00e7\u00e3o de &#8220;Being Charlie&#8221;, que seu pai dirigiu e ele ajudou a escrever.<\/p>\n<p>O longa se inspira na juventude de Nick e retrata a trajet\u00f3ria de um jovem dividido entre reca\u00eddas e tentativas de superar os v\u00edcios. A obra \u00e9 tida por entusiastas de Rob como uma tentativa do artista de elaborar a dificuldade que tinha de se conectar com Nick.<\/p>\n","protected":false},"excerpt":{"rendered":"Nick Reiner, filho do cineasta Rob Reiner e da fot\u00f3grafa Michele Singer acusado de assassinar os pais, encontrados&hellip;\n","protected":false},"author":2,"featured_media":191695,"comment_status":"","ping_status":"","sticky":false,"template":"","format":"standard","meta":{"footnotes":""},"categories":[145],"tags":[11347,207,211,210,470,604,114,115,236,2595,3670,1437,32,33,38192],"class_list":{"0":"post-191694","1":"post","2":"type-post","3":"status-publish","4":"format-standard","5":"has-post-thumbnail","7":"category-celebridades","8":"tag-acusacao","9":"tag-arte","10":"tag-celebridades","11":"tag-celebrities","12":"tag-cinema","13":"tag-crime","14":"tag-entertainment","15":"tag-entretenimento","16":"tag-folha","17":"tag-hollywood","18":"tag-los-angeles","19":"tag-morte","20":"tag-portugal","21":"tag-pt","22":"tag-rob-reiner"},"share_on_mastodon":{"url":"https:\/\/pubeurope.com\/@pt\/115733437206984166","error":""},"_links":{"self":[{"href":"https:\/\/www.europesays.com\/pt\/wp-json\/wp\/v2\/posts\/191694","targetHints":{"allow":["GET"]}}],"collection":[{"href":"https:\/\/www.europesays.com\/pt\/wp-json\/wp\/v2\/posts"}],"about":[{"href":"https:\/\/www.europesays.com\/pt\/wp-json\/wp\/v2\/types\/post"}],"author":[{"embeddable":true,"href":"https:\/\/www.europesays.com\/pt\/wp-json\/wp\/v2\/users\/2"}],"replies":[{"embeddable":true,"href":"https:\/\/www.europesays.com\/pt\/wp-json\/wp\/v2\/comments?post=191694"}],"version-history":[{"count":0,"href":"https:\/\/www.europesays.com\/pt\/wp-json\/wp\/v2\/posts\/191694\/revisions"}],"wp:featuredmedia":[{"embeddable":true,"href":"https:\/\/www.europesays.com\/pt\/wp-json\/wp\/v2\/media\/191695"}],"wp:attachment":[{"href":"https:\/\/www.europesays.com\/pt\/wp-json\/wp\/v2\/media?parent=191694"}],"wp:term":[{"taxonomy":"category","embeddable":true,"href":"https:\/\/www.europesays.com\/pt\/wp-json\/wp\/v2\/categories?post=191694"},{"taxonomy":"post_tag","embeddable":true,"href":"https:\/\/www.europesays.com\/pt\/wp-json\/wp\/v2\/tags?post=191694"}],"curies":[{"name":"wp","href":"https:\/\/api.w.org\/{rel}","templated":true}]}}