{"id":191696,"date":"2025-12-17T06:14:08","date_gmt":"2025-12-17T06:14:08","guid":{"rendered":"https:\/\/www.europesays.com\/pt\/191696\/"},"modified":"2025-12-17T06:14:08","modified_gmt":"2025-12-17T06:14:08","slug":"o-iconico-arranha-ceu-que-foi-o-mais-alto-do-mundo-por-40-anos-e-se-tornou-o-maior-simbolo-de-nova-york-no-cinema","status":"publish","type":"post","link":"https:\/\/www.europesays.com\/pt\/191696\/","title":{"rendered":"o ic\u00f4nico arranha-c\u00e9u que foi o mais alto do mundo por 40 anos e se tornou o maior s\u00edmbolo de Nova York no cinema"},"content":{"rendered":"<p class=\"ng-star-inserted\">Com 381 metros de altura, o\u00a0<strong class=\"ng-star-inserted\">Empire State Building<\/strong>\u00a0foi o arranha-c\u00e9u mais alto do mundo por 40 anos e se tornou o maior s\u00edmbolo de\u00a0<strong class=\"ng-star-inserted\">Nova York<\/strong>. Mais impressionante que sua altura, no entanto, foi a velocidade de sua constru\u00e7\u00e3o: o gigante de 102 andares foi erguido em apenas 410 dias.<\/p>\n<p>Como o Empire State Building foi constru\u00eddo t\u00e3o rapidamente?<\/p>\n<p class=\"ng-star-inserted\">A constru\u00e7\u00e3o, iniciada em 1930 em plena Grande Depress\u00e3o, foi um feito de log\u00edstica e planejamento sem precedentes. A estrutura de a\u00e7o do pr\u00e9dio foi pr\u00e9-fabricada e chegou ao canteiro de obras pronta para ser montada, com cada pe\u00e7a j\u00e1 etiquetada para seu andar e posi\u00e7\u00e3o exatos.<\/p>\n<p><img fetchpriority=\"high\" decoding=\"async\" class=\"wp-image-373264 size-full\" src=\"https:\/\/www.europesays.com\/pt\/wp-content\/uploads\/2025\/12\/Empire-State-Building_1765799683728.jpg\" alt=\"\" width=\"1280\" height=\"720\"  \/>Vista noturna do Empire State Building em Manhattan \u2013 Cr\u00e9ditos: depositphotos.com \/ gravityimaging<\/p>\n<p class=\"ng-star-inserted\">Guindastes i\u00e7avam as vigas de a\u00e7o para os andares superiores, onde equipes de rebitadores as fixavam em um ritmo fren\u00e9tico. A constru\u00e7\u00e3o avan\u00e7ou na velocidade de 4,5 andares por semana, um recorde que at\u00e9 hoje impressiona engenheiros e arquitetos em todo o mundo.<\/p>\n<p class=\"ng-star-inserted\"><strong class=\"ng-star-inserted\">Fatores da constru\u00e7\u00e3o recorde:<\/strong><\/p>\n<ul class=\"ng-star-inserted\">\n<li class=\"ng-star-inserted\">\n<p class=\"ng-star-inserted\">Uso de uma estrutura de a\u00e7o pr\u00e9-fabricada.<\/p>\n<\/li>\n<li class=\"ng-star-inserted\">\n<p class=\"ng-star-inserted\">Log\u00edstica de entrega de materiais \u201cjust-in-time\u201d.<\/p>\n<\/li>\n<li class=\"ng-star-inserted\">\n<p class=\"ng-star-inserted\">Trabalho simult\u00e2neo de mais de 3.400 oper\u00e1rios.<\/p>\n<\/li>\n<\/ul>\n<p>Por que o pr\u00e9dio se tornou um s\u00edmbolo de esperan\u00e7a?<\/p>\n<p class=\"ng-star-inserted\">Constru\u00eddo durante a pior crise econ\u00f4mica da hist\u00f3ria dos EUA, o\u00a0<strong class=\"ng-star-inserted\">Empire State Building<\/strong>\u00a0se tornou um poderoso s\u00edmbolo da ambi\u00e7\u00e3o e resili\u00eancia americanas. Ele representava a capacidade de realizar grandes feitos mesmo em tempos de adversidade.<\/p>\n<p class=\"ng-star-inserted\">No entanto, por causa da crise, o pr\u00e9dio ficou parcialmente vazio por anos, ganhando o apelido de \u201cEmpty State Building\u201d (Pr\u00e9dio Vazio). Foi apenas ap\u00f3s a Segunda Guerra Mundial que ele se tornou um sucesso comercial, consolidando seu lugar no cora\u00e7\u00e3o de\u00a0<strong class=\"ng-star-inserted\">Nova York<\/strong>.<\/p>\n<p><strong>Leia tamb\u00e9m:<\/strong> <a href=\"https:\/\/bmcnews.com.br\/ultimas-noticias\/a-engenharia-genial-que-faz-predios-balancarem-para-nao-desabar\/\" target=\"_blank\" rel=\"noopener nofollow\">A engenharia genial que faz pr\u00e9dios balan\u00e7arem para n\u00e3o desabar<\/a><\/p>\n<p>Qual o legado arquitet\u00f4nico e cultural do edif\u00edcio?<\/p>\n<p class=\"ng-star-inserted\">O\u00a0<strong class=\"ng-star-inserted\">Empire State Building<\/strong>\u00a0\u00e9 um dos maiores exemplos do estilo\u00a0<strong class=\"ng-star-inserted\">Art D\u00e9co<\/strong>\u00a0no mundo, com seu design escalonado e o ic\u00f4nico pin\u00e1culo. Esse estilo arquitet\u00f4nico tamb\u00e9m marcou \u00e9poca no Brasil, com exemplares preservados pelo\u00a0<a href=\"http:\/\/portal.iphan.gov.br\" target=\"_blank\" rel=\"noopener nofollow\"><strong class=\"ng-star-inserted\">Instituto do Patrim\u00f4nio Hist\u00f3rico e Art\u00edstico Nacional (IPHAN)<\/strong><\/a>.<\/p>\n<p class=\"ng-star-inserted\">No cinema, o pr\u00e9dio foi imortalizado na cena final do filme\u00a0<strong class=\"ng-star-inserted\">King Kong<\/strong>\u00a0de 1933, tornando-se um \u00edcone da cultura pop. Sua imagem est\u00e1 para sempre associada ao glamour, \u00e0 ambi\u00e7\u00e3o e \u00e0 paisagem inconfund\u00edvel de\u00a0<strong class=\"ng-star-inserted\">Manhattan<\/strong>.<\/p>\n<p class=\"ng-star-inserted\"><strong class=\"ng-star-inserted\">\u00cdcones da cultura pop:<\/strong><\/p>\n<ul class=\"ng-star-inserted\">\n<li class=\"ng-star-inserted\">\n<p class=\"ng-star-inserted\"><strong class=\"ng-star-inserted\">King Kong (1933):<\/strong>\u00a0A cena do gorila no topo do pr\u00e9dio \u00e9 uma das mais famosas da hist\u00f3ria do cinema.<\/p>\n<\/li>\n<li class=\"ng-star-inserted\">\n<p class=\"ng-star-inserted\"><strong class=\"ng-star-inserted\">Sintonia de Amor (1993):<\/strong>\u00a0O ponto de encontro rom\u00e2ntico dos protagonistas.<\/p>\n<\/li>\n<li class=\"ng-star-inserted\">\n<p class=\"ng-star-inserted\"><strong class=\"ng-star-inserted\">Ilumina\u00e7\u00e3o Tem\u00e1tica:<\/strong>\u00a0Suas luzes mudam de cor para celebrar feriados e eventos especiais.<\/p>\n<\/li>\n<\/ul>\n<p>Como ele se compara aos arranha-c\u00e9us modernos?<\/p>\n<p class=\"ng-star-inserted\">Embora hoje seja superado em altura por muitos outros edif\u00edcios, a velocidade de sua constru\u00e7\u00e3o permanece uma refer\u00eancia. A constru\u00e7\u00e3o moderna envolve tecnologias mais complexas e regulamenta\u00e7\u00f5es mais r\u00edgidas, tornando o feito de 410 dias ainda mais not\u00e1vel.<\/p>\n<p class=\"ng-star-inserted\">O\u00a0<strong class=\"ng-star-inserted\">Empire State Building<\/strong>\u00a0foi constru\u00eddo com uma abordagem focada na velocidade e na efici\u00eancia estrutural, enquanto os arranha-c\u00e9us atuais incorporam sistemas avan\u00e7ados de sustentabilidade e tecnologia. A compara\u00e7\u00e3o mostra a evolu\u00e7\u00e3o da engenharia ao longo de quase um s\u00e9culo.<\/p>\n<tr class=\"ng-star-inserted\">\n<td class=\"ng-star-inserted\"><strong class=\"ng-star-inserted\">Tempo de Constru\u00e7\u00e3o<\/strong><\/td>\n<td class=\"ng-star-inserted\">1 ano e 45 dias<\/td>\n<td class=\"ng-star-inserted\">Aproximadamente 6 anos<\/td>\n<\/tr>\n<tr class=\"ng-star-inserted\">\n<td class=\"ng-star-inserted\"><strong class=\"ng-star-inserted\">Material Principal<\/strong><\/td>\n<td class=\"ng-star-inserted\">Estrutura de A\u00e7o<\/td>\n<td class=\"ng-star-inserted\">Concreto Refor\u00e7ado e A\u00e7o<\/td>\n<\/tr>\n<tr class=\"ng-star-inserted\">\n<td class=\"ng-star-inserted\"><strong class=\"ng-star-inserted\">Altura<\/strong><\/td>\n<td class=\"ng-star-inserted\">381 metros<\/td>\n<td class=\"ng-star-inserted\">828 metros<\/td>\n<\/tr>\n","protected":false},"excerpt":{"rendered":"Com 381 metros de altura, o\u00a0Empire State Building\u00a0foi o arranha-c\u00e9u mais alto do mundo por 40 anos e&hellip;\n","protected":false},"author":2,"featured_media":191697,"comment_status":"","ping_status":"","sticky":false,"template":"","format":"standard","meta":{"footnotes":""},"categories":[144],"tags":[207,205,206,203,201,202,204,38569,114,115,14000,1821,32,33],"class_list":{"0":"post-191696","1":"post","2":"type-post","3":"status-publish","4":"format-standard","5":"has-post-thumbnail","7":"category-arte-e-design","8":"tag-arte","9":"tag-arte-e-design","10":"tag-artedesign","11":"tag-arts","12":"tag-arts-and-design","13":"tag-artsanddesign","14":"tag-design","15":"tag-empire-state-building","16":"tag-entertainment","17":"tag-entretenimento","18":"tag-estruturas","19":"tag-nova-york","20":"tag-portugal","21":"tag-pt"},"share_on_mastodon":{"url":"https:\/\/pubeurope.com\/@pt\/115733441340694370","error":""},"_links":{"self":[{"href":"https:\/\/www.europesays.com\/pt\/wp-json\/wp\/v2\/posts\/191696","targetHints":{"allow":["GET"]}}],"collection":[{"href":"https:\/\/www.europesays.com\/pt\/wp-json\/wp\/v2\/posts"}],"about":[{"href":"https:\/\/www.europesays.com\/pt\/wp-json\/wp\/v2\/types\/post"}],"author":[{"embeddable":true,"href":"https:\/\/www.europesays.com\/pt\/wp-json\/wp\/v2\/users\/2"}],"replies":[{"embeddable":true,"href":"https:\/\/www.europesays.com\/pt\/wp-json\/wp\/v2\/comments?post=191696"}],"version-history":[{"count":0,"href":"https:\/\/www.europesays.com\/pt\/wp-json\/wp\/v2\/posts\/191696\/revisions"}],"wp:featuredmedia":[{"embeddable":true,"href":"https:\/\/www.europesays.com\/pt\/wp-json\/wp\/v2\/media\/191697"}],"wp:attachment":[{"href":"https:\/\/www.europesays.com\/pt\/wp-json\/wp\/v2\/media?parent=191696"}],"wp:term":[{"taxonomy":"category","embeddable":true,"href":"https:\/\/www.europesays.com\/pt\/wp-json\/wp\/v2\/categories?post=191696"},{"taxonomy":"post_tag","embeddable":true,"href":"https:\/\/www.europesays.com\/pt\/wp-json\/wp\/v2\/tags?post=191696"}],"curies":[{"name":"wp","href":"https:\/\/api.w.org\/{rel}","templated":true}]}}