{"id":191704,"date":"2025-12-17T06:28:09","date_gmt":"2025-12-17T06:28:09","guid":{"rendered":"https:\/\/www.europesays.com\/pt\/191704\/"},"modified":"2025-12-17T06:28:09","modified_gmt":"2025-12-17T06:28:09","slug":"serralves-vai-expor-gehry-miguel-gomes-e-a-colecao-duerckheim-em-2026","status":"publish","type":"post","link":"https:\/\/www.europesays.com\/pt\/191704\/","title":{"rendered":"Serralves vai expor Gehry, Miguel Gomes e a cole\u00e7\u00e3o Duerckheim em 2026"},"content":{"rendered":"<p>Exposi\u00e7\u00f5es sobre Frank Gehry, a Cole\u00e7\u00e3o Duerckheim e uma retrospetiva dedicada ao realizador Miguel Gomes s\u00e3o alguns dos destaques da programa\u00e7\u00e3o para 2026 que a Funda\u00e7\u00e3o de Serralves anunciou hoje, no Porto, sob o mote &#8220;Novos Horizontes&#8221;.<\/p>\n<p><strong>&#8220;O S\u00e9culo de Gehry&#8221;<\/strong> \u00e9 uma exposi\u00e7\u00e3o original que Serralves apresenta entre maio e novembro do pr\u00f3ximo ano e que celebra a &#8220;vasta obra e a vida&#8221; do arquiteto Frank Gehry (1944-2025), conhecido como um dos &#8220;grandes mestres da arquitetura contempor\u00e2nea&#8221;, disse hoje o diretor de Arquitetura da Funda\u00e7\u00e3o de Serralves, Ant\u00f3nio Choupina, que declarou que 2026 vai ser &#8220;um ano de consolida\u00e7\u00e3o&#8221; da arquitetura no contexto art\u00edstico de Serralves e afirmou que a exposi\u00e7\u00e3o &#8220;O S\u00e9culo de Gehry&#8221; vai ser o &#8220;blockbuster&#8221;.<\/p>\n<p>A exposi\u00e7\u00e3o, organizada em parceria com o ateli\u00ea Gehry Partners e a Funda\u00e7\u00e3o Getty, re\u00fane maquetas, desenhos, fotografias, mobili\u00e1rio e esculturas para explorar 26 projetos do arquiteto, desde a casa que construiu para si pr\u00f3prio em Santa Monica, na Calif\u00f3rnia, at\u00e9 aos seus edif\u00edcios em Bilbau, Toronto, Paris ou Abu Dhabi. Segundo Ant\u00f3nio Choupina, ap\u00f3s a recente morte do arquiteto canadiano, em 05 de dezembro, a fam\u00edlia demonstrou vontade a Serralves de que a exposi\u00e7\u00e3o se mantivesse. &#8220;Vai ser uma celebra\u00e7\u00e3o da obra e, no fundo, da sua vida, que transformou o mundo ao longo dos 70 anos&#8221;, acrescentou.<\/p>\n<p>James Leynse<\/p>\n<p>A exposi\u00e7\u00e3o &#8220;Afli\u00e7\u00e3o de Esp\u00edrito&#8221; da <strong>Cole\u00e7\u00e3o Duerckheim<\/strong> \u00e9 outros dos destaques da programa\u00e7\u00e3o de Serralves para 2026, disse o diretor do museu, Philippe Vergne, elencando outros artistas como o pintor e escultor coreano Lee Ufan ou a norte-americana Jenny Holzer que traz a &#8220;sua primeira grande exposi\u00e7\u00e3o a Portugal e que aborda temas como a viol\u00eancia, poder e justi\u00e7a social&#8221;.<\/p>\n<p>&#8220;Afli\u00e7\u00e3o de Esp\u00edrito&#8221;, que re\u00fane obras da Cole\u00e7\u00e3o Duerckheim, que no ano passado depositou dezenas de pe\u00e7as em Serralves, vai estar patente entre maio e novembro de 2026 e vai revelar obras reunidas pelo colecionador ao longo de quatro d\u00e9cadas, oferecendo &#8220;uma leitura profunda sobre a hist\u00f3ria recente da humanidade e sobre o papel do artista perante desastres de guerra e a responsabilidade face ao mal&#8221;, l\u00ea-se no Plano de Atividades de 2026.<\/p>\n<p>Sob o mote <strong>&#8220;Novos Horizontes&#8221;<\/strong> para expressar uma programa\u00e7\u00e3o multidisciplinar que articula arte, arquitetura e paisagem, Serralves tamb\u00e9m aposta no cinema. O diretor da Casa do Cinema Manoel d&#8217;Oliveira, Ant\u00f3nio Preto, disse que a programa\u00e7\u00e3o de 2026 vai chamar a aten\u00e7\u00e3o para a import\u00e2ncia que o cinema portugu\u00eas tem e como \u00e9 fundamental &#8220;continuar a ser apoiado publicamente&#8221;, destacando a retrospetiva integral do realizador portugu\u00eas Miguel Gomes.<\/p>\n<p>A exposi\u00e7\u00e3o sobre o cineasta, que assinou filmes como &#8220;Tabu&#8221; ou &#8220;As Mil e Uma Noites&#8221;, vai estar patente na Casa do Cinema entre outubro de 2026 at\u00e9 mar\u00e7o de 2027 e centra-se no processo de realiza\u00e7\u00e3o, atrav\u00e9s de fotografias, sequ\u00eancias de rodagem e numa &#8220;vasta cole\u00e7\u00e3o de materiais in\u00e9ditos&#8221;.<\/p>\n<p>J\u00e1 a diretora do Parque de Serralves, Helena Freitas, explicou que a programa\u00e7\u00e3o do Parque para 2026 \u00e9 &#8220;imensa&#8221; e aborda tr\u00eas grandes eixos que s\u00e3o a &#8220;conserva\u00e7\u00e3o, programa\u00e7\u00e3o e a educa\u00e7\u00e3o e ci\u00eancia&#8221;, esta \u00faltima &#8220;para uma literacia cient\u00edfica mais ampla&#8221;.<\/p>\n<p>2026 em Serralves volta a trazer eventos como o <strong>Serralves em Luz<\/strong> e o <strong>Serralves em Festa<\/strong>. Na sua primeira interven\u00e7\u00e3o como presidente do conselho de administra\u00e7\u00e3o da Funda\u00e7\u00e3o de Serralves, Manuel Ferreira da Silva, disse hoje que estava &#8220;muito entusiasmado com a programa\u00e7\u00e3o&#8221; depois de um ano que representou o &#8220;in\u00edcio de um novo ciclo&#8221;.<\/p>\n","protected":false},"excerpt":{"rendered":"Exposi\u00e7\u00f5es sobre Frank Gehry, a Cole\u00e7\u00e3o Duerckheim e uma retrospetiva dedicada ao realizador Miguel Gomes s\u00e3o alguns dos&hellip;\n","protected":false},"author":2,"featured_media":191705,"comment_status":"","ping_status":"","sticky":false,"template":"","format":"standard","meta":{"footnotes":""},"categories":[144],"tags":[207,205,206,203,201,202,204,114,115,32,33],"class_list":{"0":"post-191704","1":"post","2":"type-post","3":"status-publish","4":"format-standard","5":"has-post-thumbnail","7":"category-arte-e-design","8":"tag-arte","9":"tag-arte-e-design","10":"tag-artedesign","11":"tag-arts","12":"tag-arts-and-design","13":"tag-artsanddesign","14":"tag-design","15":"tag-entertainment","16":"tag-entretenimento","17":"tag-portugal","18":"tag-pt"},"share_on_mastodon":{"url":"https:\/\/pubeurope.com\/@pt\/115733496046251947","error":""},"_links":{"self":[{"href":"https:\/\/www.europesays.com\/pt\/wp-json\/wp\/v2\/posts\/191704","targetHints":{"allow":["GET"]}}],"collection":[{"href":"https:\/\/www.europesays.com\/pt\/wp-json\/wp\/v2\/posts"}],"about":[{"href":"https:\/\/www.europesays.com\/pt\/wp-json\/wp\/v2\/types\/post"}],"author":[{"embeddable":true,"href":"https:\/\/www.europesays.com\/pt\/wp-json\/wp\/v2\/users\/2"}],"replies":[{"embeddable":true,"href":"https:\/\/www.europesays.com\/pt\/wp-json\/wp\/v2\/comments?post=191704"}],"version-history":[{"count":0,"href":"https:\/\/www.europesays.com\/pt\/wp-json\/wp\/v2\/posts\/191704\/revisions"}],"wp:featuredmedia":[{"embeddable":true,"href":"https:\/\/www.europesays.com\/pt\/wp-json\/wp\/v2\/media\/191705"}],"wp:attachment":[{"href":"https:\/\/www.europesays.com\/pt\/wp-json\/wp\/v2\/media?parent=191704"}],"wp:term":[{"taxonomy":"category","embeddable":true,"href":"https:\/\/www.europesays.com\/pt\/wp-json\/wp\/v2\/categories?post=191704"},{"taxonomy":"post_tag","embeddable":true,"href":"https:\/\/www.europesays.com\/pt\/wp-json\/wp\/v2\/tags?post=191704"}],"curies":[{"name":"wp","href":"https:\/\/api.w.org\/{rel}","templated":true}]}}