{"id":191725,"date":"2025-12-17T07:47:10","date_gmt":"2025-12-17T07:47:10","guid":{"rendered":"https:\/\/www.europesays.com\/pt\/191725\/"},"modified":"2025-12-17T07:47:10","modified_gmt":"2025-12-17T07:47:10","slug":"por-que-satelites-colocam-em-risco-a-orbita-da-terra-noticias-r7","status":"publish","type":"post","link":"https:\/\/www.europesays.com\/pt\/191725\/","title":{"rendered":"Por que sat\u00e9lites colocam em risco a \u00f3rbita da Terra \u2013 Noticias R7"},"content":{"rendered":"<p>LEIA AQUI O RESUMO DA NOT\u00cdCIA<\/p>\n<ul class=\"b-article-body-custom-embed-brief-news__list\" style=\"margin: 0; padding-left: 20px; list-style-type: disc;\">\n<li>Estudo revela que a densidade de sat\u00e9lites em \u00f3rbita baixa da Terra est\u00e1 em n\u00edveis cr\u00edticos, aumentando o risco de colis\u00f5es.<\/li>\n<li>Quando tempestades solares ocorrem, sat\u00e9lites enfrentam riscos significativos de falhas de navega\u00e7\u00e3o e comunica\u00e7\u00e3o.<\/li>\n<li>A perda de controle dos sat\u00e9lites pode levar a colis\u00f5es catastr\u00f3ficas em apenas 2,8 dias, uma queda dr\u00e1stica em rela\u00e7\u00e3o a 121 dias em 2018.<\/li>\n<li>Pesquisadores alertam que decis\u00f5es sobre a expans\u00e3o das megaconstela\u00e7\u00f5es precisam considerar esses riscos reais e iminentes.<\/li>\n<\/ul>\n<p style=\"font-size: 0.8em; font-style: italic; text-align: right; margin-top: 15px; padding-bottom: 5px; margin-bottom: 0;\">Produzido pela Ri7a &#8211; a Intelig\u00eancia Artificial do R7<\/p>\n<p><img decoding=\"async\" data-chromatic=\"ignore\" alt=\"\" class=\"c-image\" loading=\"lazy\" src=\"https:\/\/www.europesays.com\/pt\/wp-content\/uploads\/2025\/12\/JAWVMEM4BZF6PEI6HRRWD3K2MY.jpg\"  width=\"1280\" height=\"720\"\/>Mapa das rotas dos sat\u00e9lites Starlink em 2024 NASA Scientific Visualization Studio <\/p>\n<p class=\"jarvics:base-text-neutral-high-400 base-text-[calc(theme(fontSize.xs)_*_var(--font-size,_1))] base-font-normal base-font-primary base-text-neutral-low-500 base-text-left\">Um novo estudo cient\u00edfico descreve o atual sistema de <a href=\"https:\/\/noticias.r7.com\/fala-ciencia\/lixo-espacial-cresce-e-coloca-terra-em-risco-ao-danificar-camada-de-ozonio-26102025\/\" target=\"_blank\" rel=\"noreferrer nofollow noopener\" title=\"https:\/\/noticias.r7.com\/fala-ciencia\/lixo-espacial-cresce-e-coloca-terra-em-risco-ao-danificar-camada-de-ozonio-26102025\/\">megaconstela\u00e7\u00f5es de sat\u00e9lites<\/a> em \u00f3rbita baixa da Terra como um verdadeiro \u201ccastelo de cartas\u201d, <a href=\"https:\/\/noticias.r7.com\/internacional\/reciclagem-pode-ser-a-chave-para-lidar-com-o-lixo-espacial-09122025\/\" target=\"_blank\" rel=\"noreferrer nofollow noopener\" title=\"https:\/\/noticias.r7.com\/internacional\/reciclagem-pode-ser-a-chave-para-lidar-com-o-lixo-espacial-09122025\/\">estruturalmente inst\u00e1vel<\/a> e cada vez mais pr\u00f3ximo de um <a href=\"https:\/\/noticias.r7.com\/fala-ciencia\/como-o-lixo-espacial-pode-prejudicar-gps-internet-e-clima-30112025\/\" target=\"_blank\" rel=\"noreferrer nofollow noopener\" title=\"https:\/\/noticias.r7.com\/fala-ciencia\/como-o-lixo-espacial-pode-prejudicar-gps-internet-e-clima-30112025\/\">colapso<\/a>. <\/p>\n<p class=\"jarvics:base-text-neutral-high-400 base-text-[calc(theme(fontSize.xs)_*_var(--font-size,_1))] base-font-normal base-font-primary base-text-neutral-low-500 base-text-left\">A an\u00e1lise foi conduzida por Sarah Thiele, pesquisadora associada \u00e0 Universidade de Princeton, em conjunto com outros autores, e est\u00e1 dispon\u00edvel em vers\u00e3o preliminar no reposit\u00f3rio arXiv.<\/p>\n<p class=\"jarvics:base-text-neutral-high-400 base-text-[calc(theme(fontSize.xs)_*_var(--font-size,_1))] base-font-normal base-font-primary base-text-neutral-low-500 base-text-left\">Os pesquisadores apontam que a densidade de objetos em \u00f3rbita baixa atingiu um n\u00edvel cr\u00edtico. Considerando todas as megaconstela\u00e7\u00f5es, ocorre uma \u201caproxima\u00e7\u00e3o perigosa\u201d, que \u00e9 quando dois sat\u00e9lites passam a menos de um quil\u00f4metro de dist\u00e2ncia, a cada 22 segundos. No caso espec\u00edfico da rede Starlink, esse tipo de evento acontece, em m\u00e9dia, a cada 11 minutos.<\/p>\n<p class=\"jarvics:base-text-neutral-high-400 base-text-[calc(theme(fontSize.xs)_*_var(--font-size,_1))] base-font-normal base-font-primary base-text-neutral-low-500 base-text-left\">Para evitar colis\u00f5es, cada sat\u00e9lite da Starlink realiza cerca de 41 manobras por ano. Embora isso possa sugerir um sistema eficiente, os autores alertam que falhas tendem a ocorrer em situa\u00e7\u00f5es extremas, conhecidas na engenharia como \u201ccasos-limite\u201d, que fogem do funcionamento normal.<\/p>\n<p class=\"jarvics:base-text-neutral-high-400 base-text-[calc(theme(fontSize.xs)_*_var(--font-size,_1))] base-font-normal base-font-primary base-text-neutral-low-500 base-text-left\">Entre esses cen\u00e1rios cr\u00edticos est\u00e3o as tempestades solares. Esses eventos afetam os sat\u00e9lites de duas formas principais. A primeira \u00e9 o aquecimento da atmosfera terrestre, que aumenta o arrasto sobre os objetos em \u00f3rbita e gera incertezas em suas posi\u00e7\u00f5es, exigindo mais consumo de combust\u00edvel e manobras evasivas.<\/p>\n<p class=\"jarvics:base-text-neutral-high-400 base-text-[calc(theme(fontSize.xs)_*_var(--font-size,_1))] base-font-normal base-font-primary base-text-neutral-low-500 base-text-left\">Durante a chamada tempestade Gannon, em maio de 2024, mais da metade de todos os sat\u00e9lites em \u00f3rbita baixa precisou gastar combust\u00edvel para se reposicionar. O segundo efeito, considerado ainda mais grave, \u00e9 a possibilidade de falhas nos sistemas de navega\u00e7\u00e3o e comunica\u00e7\u00e3o, o que impediria qualquer manobra de emerg\u00eancia.<\/p>\n<p class=\"jarvics:base-text-neutral-high-400 base-text-[calc(theme(fontSize.xs)_*_var(--font-size,_1))] base-font-normal base-font-primary base-text-neutral-low-500 base-text-left\">Caso isso ocorra, o risco de colis\u00f5es aumenta drasticamente. Para medir essa amea\u00e7a imediata, o estudo prop\u00f5e um novo indicador, chamado de \u201cRel\u00f3gio de Colis\u00e3o e Dano Significativo\u201d. Segundo os c\u00e1lculos, em junho de 2025, a perda total de controle dos sat\u00e9lites levaria a uma colis\u00e3o catastr\u00f3fica em cerca de 2,8 dias.<\/p>\n<p class=\"jarvics:base-text-neutral-high-400 base-text-[calc(theme(fontSize.xs)_*_var(--font-size,_1))] base-font-normal base-font-primary base-text-neutral-low-500 base-text-left\">Em 2018, antes da expans\u00e3o das megaconstela\u00e7\u00f5es, esse prazo era estimado em 121 dias. O estudo tamb\u00e9m aponta que uma interrup\u00e7\u00e3o de apenas 24 horas no controle j\u00e1 implicaria 30% de chance de um choque grave, capaz de iniciar o chamado s\u00edndrome de Kessler, processo no qual detritos se multiplicam e tornam o espa\u00e7o inutiliz\u00e1vel por d\u00e9cadas.<\/p>\n<p class=\"jarvics:base-text-neutral-high-400 base-text-[calc(theme(fontSize.xs)_*_var(--font-size,_1))] base-font-normal base-font-primary base-text-neutral-low-500 base-text-left\">O problema \u00e9 agravado pelo fato de que tempestades solares oferecem pouco aviso pr\u00e9vio, geralmente de apenas um ou dois dias. Sem controle em tempo real, a gest\u00e3o segura da frota orbital se torna invi\u00e1vel, e o colapso pode ocorrer rapidamente, segundo os autores.<\/p>\n<p class=\"jarvics:base-text-neutral-high-400 base-text-[calc(theme(fontSize.xs)_*_var(--font-size,_1))] base-font-normal base-font-primary base-text-neutral-low-500 base-text-left\">O estudo lembra ainda que eventos mais intensos do que os recentes j\u00e1 ocorreram no passado, como o Evento Carrington de 1859, a maior tempestade solar j\u00e1 registrada. Um fen\u00f4meno semelhante hoje poderia comprometer os sistemas de controle por um per\u00edodo superior a tr\u00eas dias, tempo suficiente para desencadear uma rea\u00e7\u00e3o em cadeia devastadora.<\/p>\n<p class=\"jarvics:base-text-neutral-high-400 base-text-[calc(theme(fontSize.xs)_*_var(--font-size,_1))] base-font-normal base-font-primary base-text-neutral-low-500 base-text-left\">Os pesquisadores concluem que o risco n\u00e3o \u00e9 hipot\u00e9tico. Um \u00fanico evento extremo, j\u00e1 documentado historicamente, seria capaz de destruir a infraestrutura orbital atual e limitar o acesso humano ao espa\u00e7o por um futuro indefinido. O trabalho defende que decis\u00f5es sobre a expans\u00e3o de megaconstela\u00e7\u00f5es sejam tomadas com base em avalia\u00e7\u00f5es realistas desses perigos.<\/p>\n<p><video controls=\"\" class=\"video-js\" preload=\"metadata\" poster=\"https:\/\/d22yf0mxeu0gma.cloudfront.net\/09-14-2025\/t_2c3642cc787e4dfa845bfe9b664b51a4_name_file_960x540_1600_v4_.jpg\" title=\"Planeta em Perigo: lixo espacial amea&#xE7;a o futuro da humanidade\" data-sprite-url=\"\" data-metadata=\"{&quot;title&quot;:&quot;Planeta em Perigo: lixo espacial amea&#xE7;a o futuro da humanidade&quot;,&quot;sectionName&quot;:&quot;R7&quot;,&quot;mainSection&quot;:&quot;Internacional&quot;,&quot;subSection&quot;:&quot;&quot;,&quot;views&quot;:&quot;&quot;,&quot;disableAdv&quot;:&quot;false&quot;,&quot;createdDate&quot;:&quot;2025-09-14T23:45:11Z&quot;,&quot;mainSectionUrl&quot;:&quot;https:\/\/record.r7.com\/domingo-espetacular\/video\/planeta-em-perigo-lixo-espacial-ameaca-o-futuro-da-humanidade-14092025\/&quot;,&quot;sectionPath&quot;:&quot;https:\/\/record.r7.com\/domingo-espetacular&quot;,&quot;ageRating&quot;:&quot;&quot;,&quot;ageRatingDescription&quot;:&quot;&quot;,&quot;duration&quot;:372138,&quot;playerUrl&quot;:&quot;https:\/\/record.r7.com\/player\/659ec021-137f-4a84-903a-e7d42276c070\/&quot;}\" data-player-params=\"{&quot;p&quot;:&quot;true&quot;,&quot;autoPlay&quot;:&quot;false&quot;,&quot;logo&quot;:&quot;true&quot;,&quot;playlistId&quot;:&quot;false&quot;,&quot;calhau&quot;:&quot;false&quot;,&quot;share&quot;:&quot;true&quot;,&quot;sz&quot;:&quot;false&quot;,&quot;full&quot;:&quot;true&quot;,&quot;customAdHash&quot;:&quot;\/7542\/r7noticias\/internacional&quot;,&quot;referrerUrl&quot;:&quot;&quot;,&quot;externalLinks&quot;:&quot;true&quot;,&quot;debug&quot;:&quot;false&quot;,&quot;debugHash&quot;:&quot;false&quot;,&quot;debugRelated&quot;:&quot;false&quot;,&quot;timerRelated&quot;:&quot;true&quot;,&quot;logoRecord&quot;:&quot;false&quot;,&quot;contextModal&quot;:&quot;false&quot;,&quot;parentUrl&quot;:&quot;https:\/\/record.r7.com\/&quot;,&quot;t&quot;:&quot;0&quot;,&quot;noTitle&quot;:false,&quot;endBehavior&quot;:&quot;default&quot;}\" data-related-videos=\"[{&quot;title&quot;:&quot;Feminic&#xED;dios no Rio de Janeiro exp&#xF5;em lado mais cruel do crime organizado&quot;,&quot;thumb&quot;:&quot;https:\/\/d22yf0mxeu0gma.cloudfront.net\/12-15-2025\/t_bf43e5cf54f04e63b33e3d1896eca297_name_file_960x540_1600_v4_.jpg&quot;,&quot;url&quot;:&quot;https:\/\/record.r7.com\/domingo-espetacular\/video\/feminicidios-no-rio-de-janeiro-expoem-lado-mais-cruel-do-crime-organizado-15122025\/&quot;,&quot;embedUrl&quot;:&quot;https:\/\/record.r7.com\/player\/a67138a0-88b6-4b50-8518-691a32aac582\/&quot;},{&quot;title&quot;:&quot;Mist&#xE9;rio: jovem despenca do d&#xE9;cimo andar do pr&#xE9;dio ap&#xF3;s discuss&#xE3;o com o marido&quot;,&quot;thumb&quot;:&quot;https:\/\/d22yf0mxeu0gma.cloudfront.net\/12-15-2025\/t_493880e674f5430094e1d48e7c2219f0_name_file_960x540_1600_v4_.jpg&quot;,&quot;url&quot;:&quot;https:\/\/record.r7.com\/domingo-espetacular\/video\/misterio-jovem-despenca-do-decimo-andar-do-predio-apos-discussao-com-o-marido-15122025\/&quot;,&quot;embedUrl&quot;:&quot;https:\/\/record.r7.com\/player\/2b50b7ea-407b-4e8d-a593-6fef1f504f46\/&quot;},{&quot;title&quot;:&quot;Gravuras de Matisse e Portinari s&#xE3;o roubadas em biblioteca de SP; entenda o crime&quot;,&quot;thumb&quot;:&quot;https:\/\/d22yf0mxeu0gma.cloudfront.net\/12-15-2025\/t_6f4fb4acc4fa435e89ac36bb4129eb50_name_file_960x540_1600_v4_.jpg&quot;,&quot;url&quot;:&quot;https:\/\/record.r7.com\/domingo-espetacular\/video\/gravuras-de-matisse-e-portinari-sao-roubadas-em-biblioteca-de-sp-entenda-o-crime-15122025\/&quot;,&quot;embedUrl&quot;:&quot;https:\/\/record.r7.com\/player\/978d3d2a-50f9-4564-a8dc-521e912295b6\/&quot;}]\" data-player-url=\"https:\/\/record.r7.com\/player\/659ec021-137f-4a84-903a-e7d42276c070\/\" data-arc-video=\"\" data-arc-id=\"659ec021-137f-4a84-903a-e7d42276c070\" data-short=\"false\" style=\"visibility:hidden\"><\/video><\/p>\n<p class=\"jarvics:base-text-neutral-high-400 base-text-[calc(theme(fontSize.xs)_*_var(--font-size,_1))] base-font-normal base-font-primary base-text-neutral-low-500 base-text-left\"><b>Fique por dentro das principais not\u00edcias do dia no Brasil e no mundo. <\/b><a href=\"https:\/\/whatsapp.com\/channel\/0029Va6eEELGZNCyryabmO1m\" rel=\"nofollow noopener\" target=\"_blank\"><b>Siga o canal do R7<\/b><\/a><b>, o portal de not\u00edcias da RECORD, no WhatsApp<\/b><\/p>\n","protected":false},"excerpt":{"rendered":"LEIA AQUI O RESUMO DA NOT\u00cdCIA Estudo revela que a densidade de sat\u00e9lites em \u00f3rbita baixa da Terra&hellip;\n","protected":false},"author":2,"featured_media":191726,"comment_status":"","ping_status":"","sticky":false,"template":"","format":"standard","meta":{"footnotes":""},"categories":[84],"tags":[443,109,107,108,1149,32,33,105,103,104,106,110,1151],"class_list":{"0":"post-191725","1":"post","2":"type-post","3":"status-publish","4":"format-standard","5":"has-post-thumbnail","7":"category-ciencia-e-tecnologia","8":"tag-astronomia","9":"tag-ciencia","10":"tag-ciencia-e-tecnologia","11":"tag-cienciaetecnologia","12":"tag-nasa","13":"tag-portugal","14":"tag-pt","15":"tag-science","16":"tag-science-and-technology","17":"tag-scienceandtechnology","18":"tag-technology","19":"tag-tecnologia","20":"tag-terra"},"share_on_mastodon":{"url":"https:\/\/pubeurope.com\/@pt\/115733806892088439","error":""},"_links":{"self":[{"href":"https:\/\/www.europesays.com\/pt\/wp-json\/wp\/v2\/posts\/191725","targetHints":{"allow":["GET"]}}],"collection":[{"href":"https:\/\/www.europesays.com\/pt\/wp-json\/wp\/v2\/posts"}],"about":[{"href":"https:\/\/www.europesays.com\/pt\/wp-json\/wp\/v2\/types\/post"}],"author":[{"embeddable":true,"href":"https:\/\/www.europesays.com\/pt\/wp-json\/wp\/v2\/users\/2"}],"replies":[{"embeddable":true,"href":"https:\/\/www.europesays.com\/pt\/wp-json\/wp\/v2\/comments?post=191725"}],"version-history":[{"count":0,"href":"https:\/\/www.europesays.com\/pt\/wp-json\/wp\/v2\/posts\/191725\/revisions"}],"wp:featuredmedia":[{"embeddable":true,"href":"https:\/\/www.europesays.com\/pt\/wp-json\/wp\/v2\/media\/191726"}],"wp:attachment":[{"href":"https:\/\/www.europesays.com\/pt\/wp-json\/wp\/v2\/media?parent=191725"}],"wp:term":[{"taxonomy":"category","embeddable":true,"href":"https:\/\/www.europesays.com\/pt\/wp-json\/wp\/v2\/categories?post=191725"},{"taxonomy":"post_tag","embeddable":true,"href":"https:\/\/www.europesays.com\/pt\/wp-json\/wp\/v2\/tags?post=191725"}],"curies":[{"name":"wp","href":"https:\/\/api.w.org\/{rel}","templated":true}]}}