{"id":191727,"date":"2025-12-17T07:51:26","date_gmt":"2025-12-17T07:51:26","guid":{"rendered":"https:\/\/www.europesays.com\/pt\/191727\/"},"modified":"2025-12-17T07:51:26","modified_gmt":"2025-12-17T07:51:26","slug":"foi-baleado-varias-vezes-em-casa-fisico-portugues-morto-a-tiro-em-boston-ele-era-um-colega-brilhante","status":"publish","type":"post","link":"https:\/\/www.europesays.com\/pt\/191727\/","title":{"rendered":"Foi &#8220;baleado v\u00e1rias vezes&#8221; em casa: f\u00edsico portugu\u00eas morto a tiro em Boston. &#8220;Ele era um colega brilhante&#8221;"},"content":{"rendered":"<p>\t                Nuno Loureiro liderava um laborat\u00f3rio no MIT. &#8220;Esta \u00e9 uma investiga\u00e7\u00e3o de homic\u00eddio&#8221;<\/p>\n<p style=\"margin-bottom:11px\">Nuno Loureiro, 47 anos, portugu\u00eas e diretor de um laborat\u00f3rio no Instituto de Tecnologia de Massachusetts (MIT), foi <a href=\"https:\/\/cnnportugal.iol.pt\/nuno-loureiro\/portugues-assassinado\/fisico-portugues-assassinado-a-tiro-em-boston\/20251216\/69417549d34e2bd5c6d52bb9\" target=\"_blank\" rel=\"nofollow noopener\">morto a tiro<\/a>\u00a0segunda-feira na sua resid\u00eancia em Brookline, nos arredores de Boston, num caso que est\u00e1 a intrigar a comunidade local e que est\u00e1 a ser investigado pelas autoridades norte-americanas como homic\u00eddio.<\/p>\n<p>Segundo a pol\u00edcia de Brookline, os agentes responderam a um alerta de disparos de arma de fogo numa resid\u00eancia da Gibbs Street por volta das 20h30 locais de segunda-feira. \u201cUma v\u00edtima foi encontrada ap\u00f3s ter sido baleada v\u00e1rias vezes\u201d, afirmou o vice-superintendente da pol\u00edcia local, Paul Campbell, em declara\u00e7\u00f5es \u00e0 WBZ-TV.<\/p>\n<p>A v\u00edtima, Nuno Loureiro, foi transportado de ambul\u00e2ncia para um hospital em Boston, onde acabou por morrer na manh\u00e3 desta ter\u00e7a-feira. At\u00e9 ao momento, as autoridades n\u00e3o divulgaram mais pormenores sobre as circunst\u00e2ncias do sucedido, nem indicaram se existe algum suspeito identificado. \u201cEsta \u00e9 uma investiga\u00e7\u00e3o de homic\u00eddio ativa e em andamento\u201d, afirmou o gabinete do procurador distrital do condado de Norfolk, Michael Morrissey, em comunicado.<\/p>\n<p>A morte do professor portugu\u00eas causou forte impacto no MIT. Em maio do ano passado, Nuno Loureiro tinha sido nomeado diretor do Centro de Ci\u00eancia de Plasma e Fus\u00e3o da institui\u00e7\u00e3o, descrito no site oficial como \u201cum dos maiores laborat\u00f3rios do MIT\u201d, com mais de 250 investigadores, estudantes e funcion\u00e1rios a tempo inteiro distribu\u00eddos por sete edif\u00edcios.<\/p>\n<p>De acordo com informa\u00e7\u00e3o publicada pela pr\u00f3pria institui\u00e7\u00e3o, o antigo aluno do Instituto Superior T\u00e9cnico (IST) era reconhecido pelas suas investiga\u00e7\u00f5es sobre o funcionamento do plasma, \u201cparticularmente a turbul\u00eancia e a f\u00edsica que sustenta as erup\u00e7\u00f5es solares e outros fen\u00f3menos astron\u00f3micos\u201d. Dedicava-se tamb\u00e9m ao estudo da forma de aproveitar a energia de fus\u00e3o limpa como resposta \u00e0s altera\u00e7\u00f5es clim\u00e1ticas.<\/p>\n<p>Ligado \u00e0 prestigiada universidade de Cambridge desde 2016, o portugu\u00eas tinha expressado publicamente a admira\u00e7\u00e3o pelo MIT numa entrevista concedida em 2017. \u201cProfissionalmente, estou completamente impressionado com o que \u00e9 o MIT\u201d, afirmou na altura. \u201cN\u00f3s lemos sobre o MIT e conversamos com as pessoas sobre o MIT, mas antes de viv\u00ea-lo n\u00e3o se entende completamente o tipo de lugar que \u00e9.\u201d<\/p>\n<p>Num comunicado enviado \u00e0 imprensa, um porta-voz do MIT manifestou pesar pela morte do docente. \u201cOs nossos mais profundos sentimentos est\u00e3o com a sua fam\u00edlia, alunos, colegas e todos aqueles que est\u00e3o de luto\u201d, referiu, acrescentando que est\u00e3o a ser promovidas a\u00e7\u00f5es e conversas internas para apoiar a comunidade acad\u00e9mica afetada pela perda.<\/p>\n<p>Segundo a <a href=\"https:\/\/www.cbsnews.com\/boston\/news\/nuno-loureiro-brookline-shooting\/\" target=\"_blank\" rel=\"nofollow noopener\">CBS News,<\/a> as circunst\u00e2ncias da morte do professor portugu\u00eas continuam por esclarecer, enquanto a investiga\u00e7\u00e3o prossegue nos Estados Unidos.<\/p>\n<p>Not\u00edcia foi dada pelo MNE <\/p>\n<p>As primeiras informa\u00e7\u00f5es da morte de Nuno Loureiro chegaram pela voz do ministro dos Neg\u00f3cios Estrangeiros no parlamento. Paulo Rangel falava no in\u00edcio da sua audi\u00e7\u00e3o regimental na Comiss\u00e3o de Neg\u00f3cios Estrangeiros e Comunidades Portuguesas, que esta ter\u00e7a-feira, por iniciativa do presidente da comiss\u00e3o, Jos\u00e9 Ces\u00e1rio, come\u00e7ou com um minuto de sil\u00eancio pela morte de duas crian\u00e7as lusodescendentes em Fran\u00e7a, na sequ\u00eancia de uma explos\u00e3o de g\u00e1s.<\/p>\n<p>Rangel associou-se a este minuto de sil\u00eancio e lamentou a morte das duas crian\u00e7as, de tr\u00eas e cinco anos, partilhando com os deputados a not\u00edcia da morte de Nuno Loureiro, assassinado a tiro em Boston.<\/p>\n<p>Entretanto, tamb\u00e9m o\u00a0Instituto de Plasmas e Fus\u00e3o Nuclear (IPFN) e o Instituto Superior T\u00e9cnico emitiram uma nota de pesar conjunta pela morte do cientista, que passou por ambas as institui\u00e7\u00f5es portuguesas.<\/p>\n<p>&#8220;O Instituto de Plasmas e Fus\u00e3o Nuclear (IPFN) e o Instituto Superior T\u00e9cnico lamentam profundamente a not\u00edcia da morte do cientista Nuno Loureiro. Formado em Engenharia F\u00edsica Tecnol\u00f3gica no T\u00e9cnico, foi investigador no IPFN, onde veio a liderar o grupo de Teoria e Modeliza\u00e7\u00e3o. Atualmente desenvolvia o seu trabalho em f\u00edsica te\u00f3rica e as suas aplica\u00e7\u00f5es em fus\u00e3o no Plasma Science and Fusion Center, um dos maiores laborat\u00f3rios do Massachussets Institute of Technology (MIT), que dirigia deste maio do ano passado. Os seus amigos e colegas do IPFN e do T\u00e9cnico, alguns dos quais continuaram at\u00e9 hoje a colaborar com o Nuno, est\u00e3o profundamente consternados pelo seu desaparecimento prematuro. Lembramos um colega brilhante, com quem era um prazer cient\u00edfico e pessoal colaborar&#8221;, l\u00ea-se na nota de pesar.\u00a0<\/p>\n","protected":false},"excerpt":{"rendered":"Nuno Loureiro liderava um laborat\u00f3rio no MIT. &#8220;Esta \u00e9 uma investiga\u00e7\u00e3o de homic\u00eddio&#8221; Nuno Loureiro, 47 anos, portugu\u00eas&hellip;\n","protected":false},"author":2,"featured_media":191728,"comment_status":"","ping_status":"","sticky":false,"template":"","format":"standard","meta":{"footnotes":""},"categories":[8],"tags":[609,836,611,5720,27,28,607,608,333,832,604,135,610,476,413,15,16,38571,301,830,14,5564,38573,603,25,26,570,21,22,831,833,1437,62,834,12,13,19,20,38572,835,602,52,32,23,24,33,17,18,29,30,31],"class_list":{"0":"post-191727","1":"post","2":"type-post","3":"status-publish","4":"format-standard","5":"has-post-thumbnail","7":"category-principais-noticias","8":"tag-alerta","9":"tag-analise","10":"tag-ao-minuto","11":"tag-boston","12":"tag-breaking-news","13":"tag-breakingnews","14":"tag-cnn","15":"tag-cnn-portugal","16":"tag-comentadores","17":"tag-costa","18":"tag-crime","19":"tag-desporto","20":"tag-direto","21":"tag-economia","22":"tag-eua","23":"tag-featured-news","24":"tag-featurednews","25":"tag-fisico-portugues","26":"tag-governo","27":"tag-guerra","28":"tag-headlines","29":"tag-homicidio","30":"tag-instituto-de-tecnologia-de-massachusetts","31":"tag-justica","32":"tag-latest-news","33":"tag-latestnews","34":"tag-live","35":"tag-main-news","36":"tag-mainnews","37":"tag-mais-vistas","38":"tag-marcelo","39":"tag-morte","40":"tag-mundo","41":"tag-negocios","42":"tag-news","43":"tag-noticias","44":"tag-noticias-principais","45":"tag-noticiasprincipais","46":"tag-nuno-loureiro","47":"tag-opiniao","48":"tag-pais","49":"tag-politica","50":"tag-portugal","51":"tag-principais-noticias","52":"tag-principaisnoticias","53":"tag-pt","54":"tag-top-stories","55":"tag-topstories","56":"tag-ultimas","57":"tag-ultimas-noticias","58":"tag-ultimasnoticias"},"share_on_mastodon":{"url":"","error":"Validation failed: Text character limit of 500 exceeded"},"_links":{"self":[{"href":"https:\/\/www.europesays.com\/pt\/wp-json\/wp\/v2\/posts\/191727","targetHints":{"allow":["GET"]}}],"collection":[{"href":"https:\/\/www.europesays.com\/pt\/wp-json\/wp\/v2\/posts"}],"about":[{"href":"https:\/\/www.europesays.com\/pt\/wp-json\/wp\/v2\/types\/post"}],"author":[{"embeddable":true,"href":"https:\/\/www.europesays.com\/pt\/wp-json\/wp\/v2\/users\/2"}],"replies":[{"embeddable":true,"href":"https:\/\/www.europesays.com\/pt\/wp-json\/wp\/v2\/comments?post=191727"}],"version-history":[{"count":0,"href":"https:\/\/www.europesays.com\/pt\/wp-json\/wp\/v2\/posts\/191727\/revisions"}],"wp:featuredmedia":[{"embeddable":true,"href":"https:\/\/www.europesays.com\/pt\/wp-json\/wp\/v2\/media\/191728"}],"wp:attachment":[{"href":"https:\/\/www.europesays.com\/pt\/wp-json\/wp\/v2\/media?parent=191727"}],"wp:term":[{"taxonomy":"category","embeddable":true,"href":"https:\/\/www.europesays.com\/pt\/wp-json\/wp\/v2\/categories?post=191727"},{"taxonomy":"post_tag","embeddable":true,"href":"https:\/\/www.europesays.com\/pt\/wp-json\/wp\/v2\/tags?post=191727"}],"curies":[{"name":"wp","href":"https:\/\/api.w.org\/{rel}","templated":true}]}}