{"id":191729,"date":"2025-12-17T07:52:15","date_gmt":"2025-12-17T07:52:15","guid":{"rendered":"https:\/\/www.europesays.com\/pt\/191729\/"},"modified":"2025-12-17T07:52:15","modified_gmt":"2025-12-17T07:52:15","slug":"andrew-scott-e-olivia-colman-em-longa-sobre-ator-de-carruagens-de-fogo","status":"publish","type":"post","link":"https:\/\/www.europesays.com\/pt\/191729\/","title":{"rendered":"Andrew Scott e Olivia Colman em longa sobre ator de Carruagens de Fogo"},"content":{"rendered":"<p>  <img decoding=\"async\" src=\"https:\/\/cdn.ome.lt\/static\/omelete\/img\/loading.svg\" alt=\"\"\/><\/p>\n<p>  <img decoding=\"async\" class=\"article__cover__image\" data-lazy-src-mob=\"\/\/cdn.ome.lt\/hbY8w2tGI6sAo8dmYKvz-3ZxA84=\/570x0\/smart\/filters:format(webp)\/uploads\/conteudo\/fotos\/Design_sem_nome68.png\" data-lazy-src=\"https:\/\/cdn.ome.lt\/RJMpZ-PdAiKilqG2uN8w5MKq0UI=\/987x0\/smart\/filters:format(webp)\/uploads\/conteudo\/fotos\/Design_sem_nome68.png\" src=\"data:image\/png;base64,iVBORw0KGgoAAAANSUhEUgAAAAEAAAABCAQAAAC1HAwCAAAAC0lEQVR42mNkYAAAAAYAAjCB0C8AAAAASUVORK5CYII=\" alt=\"Andrew Scott e Olivia Colman\" title=\"Andrew Scott e Olivia Colman\" width=\"987\" height=\"555\" fetchpriority=\"high\"\/><\/p>\n<p class=\"article__cover__credits\">\n  Cr\u00e9ditos da imagem:<br \/>\n  Reprodu\u00e7\u00e3o\n<\/p>\n<p><strong>Andrew Scott <\/strong>e\u00a0<strong>Olivia Colman<\/strong>, que trabalharam juntos em\u00a0Fleabag,\u00a0v\u00e3o estrelas\u00a0<strong>Elsinore<\/strong>,\u00a0baseado na vida do ator\u00a0<strong>Ian Charleson<\/strong>. O filme ser\u00e1 dirigido por\u00a0<strong>Simon Stone\u00a0<\/strong>e o roteiro foi escrito por\u00a0<strong>Stephen Beresford<\/strong>.\u00a0<\/p>\n<p>O filme est\u00e1 sendo descrito como\u00a0&#8220;uma hist\u00f3ria ver\u00eddica profundamente comovente e inspiradora do ator Ian Charleson, que enfrentou dificuldades incr\u00edveis enquanto se preparava para dar a atua\u00e7\u00e3o de sua vida em Hamlet no Teatro Nacional de Londres&#8221;.<\/p>\n<p>            Continua depois da Publicidade<\/p>\n<p>A <strong>Studiocanal<\/strong> est\u00e1 financiando o filme, com a<strong> LD Entertainment<\/strong> adquirindo os direitos de distribui\u00e7\u00e3o na Am\u00e9rica do Norte.<strong> Ron Halpern<\/strong>, vice-presidente executivo de produ\u00e7\u00e3o global, e<strong> Joe Naftalin<\/strong>, vice-presidente s\u00eanior de produ\u00e7\u00e3o global, supervisionar\u00e3o o projeto pela StudioCanal, que lan\u00e7ar\u00e1 o filme nos cinemas de seus respectivos territ\u00f3rios: Reino Unido, Fran\u00e7a, Alemanha, Pol\u00f4nia, Benelux, Austr\u00e1lia e Nova Zel\u00e2ndia. A Lucky Red ser\u00e1 respons\u00e1vel pela distribui\u00e7\u00e3o na It\u00e1lia.<\/p>\n<p>Charleson \u00e9 conhecido pelo seu trabalho em\u00a0Carruagens de Fogo,\u00a0filme que mostrava a prepara\u00e7\u00e3o da equipe ol\u00edmpica de atletismo da Gr\u00e3-Bretanha para os Jogos Ol\u00edmpicos de 1924 em Paris.\u00a0<\/p>\n","protected":false},"excerpt":{"rendered":"Cr\u00e9ditos da imagem: Reprodu\u00e7\u00e3o Andrew Scott e\u00a0Olivia Colman, que trabalharam juntos em\u00a0Fleabag,\u00a0v\u00e3o estrelas\u00a0Elsinore,\u00a0baseado na vida do ator\u00a0Ian Charleson.&hellip;\n","protected":false},"author":2,"featured_media":191730,"comment_status":"","ping_status":"","sticky":false,"template":"","format":"standard","meta":{"footnotes":""},"categories":[145],"tags":[211,210,114,115,32,33],"class_list":{"0":"post-191729","1":"post","2":"type-post","3":"status-publish","4":"format-standard","5":"has-post-thumbnail","7":"category-celebridades","8":"tag-celebridades","9":"tag-celebrities","10":"tag-entertainment","11":"tag-entretenimento","12":"tag-portugal","13":"tag-pt"},"share_on_mastodon":{"url":"https:\/\/pubeurope.com\/@pt\/115733826676100831","error":""},"_links":{"self":[{"href":"https:\/\/www.europesays.com\/pt\/wp-json\/wp\/v2\/posts\/191729","targetHints":{"allow":["GET"]}}],"collection":[{"href":"https:\/\/www.europesays.com\/pt\/wp-json\/wp\/v2\/posts"}],"about":[{"href":"https:\/\/www.europesays.com\/pt\/wp-json\/wp\/v2\/types\/post"}],"author":[{"embeddable":true,"href":"https:\/\/www.europesays.com\/pt\/wp-json\/wp\/v2\/users\/2"}],"replies":[{"embeddable":true,"href":"https:\/\/www.europesays.com\/pt\/wp-json\/wp\/v2\/comments?post=191729"}],"version-history":[{"count":0,"href":"https:\/\/www.europesays.com\/pt\/wp-json\/wp\/v2\/posts\/191729\/revisions"}],"wp:featuredmedia":[{"embeddable":true,"href":"https:\/\/www.europesays.com\/pt\/wp-json\/wp\/v2\/media\/191730"}],"wp:attachment":[{"href":"https:\/\/www.europesays.com\/pt\/wp-json\/wp\/v2\/media?parent=191729"}],"wp:term":[{"taxonomy":"category","embeddable":true,"href":"https:\/\/www.europesays.com\/pt\/wp-json\/wp\/v2\/categories?post=191729"},{"taxonomy":"post_tag","embeddable":true,"href":"https:\/\/www.europesays.com\/pt\/wp-json\/wp\/v2\/tags?post=191729"}],"curies":[{"name":"wp","href":"https:\/\/api.w.org\/{rel}","templated":true}]}}