{"id":191736,"date":"2025-12-17T08:17:10","date_gmt":"2025-12-17T08:17:10","guid":{"rendered":"https:\/\/www.europesays.com\/pt\/191736\/"},"modified":"2025-12-17T08:17:10","modified_gmt":"2025-12-17T08:17:10","slug":"trump-alarga-proibicao-de-viagens-a-mais-cinco-paises-e-restringe-entrada-de-palestinianos-nos-estados-unidos","status":"publish","type":"post","link":"https:\/\/www.europesays.com\/pt\/191736\/","title":{"rendered":"Trump alarga proibi\u00e7\u00e3o de viagens a mais cinco pa\u00edses e restringe entrada de palestinianos nos Estados Unidos"},"content":{"rendered":"<p class=\"category\"><a href=\"https:\/\/sicnoticias.pt\/mundo\/eua\" rel=\"nofollow noopener\" target=\"_blank\">EUA<\/a><\/p>\n<p>A medida faz parte dos esfor\u00e7os para refor\u00e7ar os padr\u00f5es de entrada nos Estados Unidos e surge ap\u00f3s a deten\u00e7\u00e3o de um suspeito afeg\u00e3o num tiroteio contra militares da Guarda Nacional durante o fim de semana do Dia de A\u00e7\u00e3o de Gra\u00e7as.<\/p>\n<p><img decoding=\"async\" src=\"https:\/\/www.europesays.com\/pt\/wp-content\/uploads\/2025\/12\/1765959430_741_original.webp\" alt=\"Trump alarga proibi\u00e7\u00e3o de viagens a mais cinco pa\u00edses e restringe entrada de palestinianos nos Estados Unidos\"\/><\/p>\n<p>Alex Brandon<\/p>\n<p><strong>A administra\u00e7\u00e3o do Presidente dos Estados Unidos, Donald Trump, alargou a proibi\u00e7\u00e3o de viagens para incluir mais cinco pa\u00edses e imp\u00f4s novos limites a outros Estados, como a cidad\u00e3os da Palestina. <\/strong><\/p>\n<p>\nA medida decidida esta ter\u00e7a-feira faz parte dos esfor\u00e7os cont\u00ednuos para refor\u00e7ar os padr\u00f5es de entrada nos Estados Unidos para viagens e imigra\u00e7\u00e3o. <\/p>\n<p>\nA decis\u00e3o segue-se \u00e0 deten\u00e7\u00e3o de um suspeito afeg\u00e3o no tiroteio contra dois militares da Guarda Nacional durante o fim de semana do Dia de A\u00e7\u00e3o de Gra\u00e7as.<\/p>\n<p>\nEm junho, Donald Trump anunciou que cidad\u00e3os de 12 pa\u00edses estariam proibidos de visitar os Estados Unidos e as pessoas de outros sete na\u00e7\u00f5es enfrentariam restri\u00e7\u00f5es. <\/p>\n<p>\nA decis\u00e3o ressuscitou uma pol\u00edtica emblem\u00e1tica do seu primeiro mandato. Na altura, a proibi\u00e7\u00e3o inclu\u00eda Afeganist\u00e3o, Myanmar, Chade, Rep\u00fablica do Congo, Guin\u00e9 Equatorial, Eritreia, Haiti, Ir\u00e3o, L\u00edbia, Som\u00e1lia, Sud\u00e3o e I\u00e9men, e refor\u00e7ava as restri\u00e7\u00f5es a visitantes do Burundi, Cuba, Laos, Serra Leoa, Togo, Turquemenist\u00e3o e Venezuela. <\/p>\n<p>\nEsta ter\u00e7a-feira, a administra\u00e7\u00e3o republicana anunciou que estava a expandir a lista de pa\u00edses cujos cidad\u00e3os est\u00e3o proibidos de entrar nos Estados Unidos para incluir Burquina Faso, Mali, N\u00edger, Sud\u00e3o do Sul e S\u00edria. <\/p>\n<p>\nA administra\u00e7\u00e3o tamb\u00e9m restringiu completamente a viagem de pessoas com documentos de viagem emitidos pela Autoridade Palestiniana.<\/p>\n","protected":false},"excerpt":{"rendered":"EUA A medida faz parte dos esfor\u00e7os para refor\u00e7ar os padr\u00f5es de entrada nos Estados Unidos e surge&hellip;\n","protected":false},"author":2,"featured_media":191737,"comment_status":"","ping_status":"","sticky":false,"template":"","format":"standard","meta":{"footnotes":""},"categories":[50],"tags":[27,28,15,16,14,25,26,21,22,62,12,13,19,20,23,24,17,18,29,30,31,63,64,65],"class_list":{"0":"post-191736","1":"post","2":"type-post","3":"status-publish","4":"format-standard","5":"has-post-thumbnail","7":"category-mundo","8":"tag-breaking-news","9":"tag-breakingnews","10":"tag-featured-news","11":"tag-featurednews","12":"tag-headlines","13":"tag-latest-news","14":"tag-latestnews","15":"tag-main-news","16":"tag-mainnews","17":"tag-mundo","18":"tag-news","19":"tag-noticias","20":"tag-noticias-principais","21":"tag-noticiasprincipais","22":"tag-principais-noticias","23":"tag-principaisnoticias","24":"tag-top-stories","25":"tag-topstories","26":"tag-ultimas","27":"tag-ultimas-noticias","28":"tag-ultimasnoticias","29":"tag-world","30":"tag-world-news","31":"tag-worldnews"},"share_on_mastodon":{"url":"https:\/\/pubeurope.com\/@pt\/115733925069999375","error":""},"_links":{"self":[{"href":"https:\/\/www.europesays.com\/pt\/wp-json\/wp\/v2\/posts\/191736","targetHints":{"allow":["GET"]}}],"collection":[{"href":"https:\/\/www.europesays.com\/pt\/wp-json\/wp\/v2\/posts"}],"about":[{"href":"https:\/\/www.europesays.com\/pt\/wp-json\/wp\/v2\/types\/post"}],"author":[{"embeddable":true,"href":"https:\/\/www.europesays.com\/pt\/wp-json\/wp\/v2\/users\/2"}],"replies":[{"embeddable":true,"href":"https:\/\/www.europesays.com\/pt\/wp-json\/wp\/v2\/comments?post=191736"}],"version-history":[{"count":0,"href":"https:\/\/www.europesays.com\/pt\/wp-json\/wp\/v2\/posts\/191736\/revisions"}],"wp:featuredmedia":[{"embeddable":true,"href":"https:\/\/www.europesays.com\/pt\/wp-json\/wp\/v2\/media\/191737"}],"wp:attachment":[{"href":"https:\/\/www.europesays.com\/pt\/wp-json\/wp\/v2\/media?parent=191736"}],"wp:term":[{"taxonomy":"category","embeddable":true,"href":"https:\/\/www.europesays.com\/pt\/wp-json\/wp\/v2\/categories?post=191736"},{"taxonomy":"post_tag","embeddable":true,"href":"https:\/\/www.europesays.com\/pt\/wp-json\/wp\/v2\/tags?post=191736"}],"curies":[{"name":"wp","href":"https:\/\/api.w.org\/{rel}","templated":true}]}}