{"id":191738,"date":"2025-12-17T08:18:36","date_gmt":"2025-12-17T08:18:36","guid":{"rendered":"https:\/\/www.europesays.com\/pt\/191738\/"},"modified":"2025-12-17T08:18:36","modified_gmt":"2025-12-17T08:18:36","slug":"decisao-sobre-cartazes-sera-muito-importante-para-o-futuro-observador","status":"publish","type":"post","link":"https:\/\/www.europesays.com\/pt\/191738\/","title":{"rendered":"Decis\u00e3o sobre cartazes ser\u00e1 &#8220;muito importante para o futuro&#8221; \u2013 Observador"},"content":{"rendered":"<p>Acompanhe o nosso liveblog sobre <a href=\"https:\/\/observador.pt\/liveblogs\/ugt-e-ministra-do-trabalho-reunem-se-hoje-para-negociar-pacote-laboral-apos-a-greve\/\" rel=\"nofollow noopener\" target=\"_blank\">pol\u00edtica<\/a><\/p>\n<p>O presidente do Chega e candidato \u00e0 Presid\u00eancia da Rep\u00fablica, Andr\u00e9 Ventura, considerou esta ter\u00e7a-feira que a decis\u00e3o judicial sobre cartazes da sua campanha ser\u00e1 \u201cmuito importante para o futuro\u201d da democracia, dizendo que n\u00e3o abdica da sua liberdade.<\/p>\n<p>\u201cA decis\u00e3o que este tribunal tomar ser\u00e1 muito importante para o futuro. N\u00e3o sei como a comunidade cigana se sente desrespeitada quando algu\u00e9m diz que tem de cumprir a lei. Eu sou candidato \u00e0 Presid\u00eancia da Rep\u00fablica e na minha perspetiva n\u00e3o cumprem a lei\u201d, sublinhou.<\/p>\n<p>\u00c0 sa\u00edda do Tribunal Judicial da Comarca de Lisboa, Andr\u00e9 Ventura afirmou que quem deveria ser ouvido em tribunal \u201cera Jos\u00e9 S\u00f3crates, Ricardo Salgado e os ciganos de Valongo, (\u2026) que n\u00e3o cumprem a lei h\u00e1 muitos anos\u201d.<\/p>\n<p>Em causa est\u00e3o cartazes da candidatura presidencial de Andr\u00e9 Ventura com as frases \u201cIsto n\u00e3o \u00e9 o Bangladesh\u201d e \u201cOs ciganos t\u00eam de cumprir a lei\u201d.<\/p>\n<p>Em 10 de novembro, seis pessoas apresentaram no Tribunal de Lisboa uma a\u00e7\u00e3o de tutela de personalidade contra Andr\u00e9 Ventura para que o l\u00edder do Chega fosse obrigado a retirar, num prazo de 24 horas, os cartazes que fazem refer\u00eancia \u00e0 comunidade cigana.<\/p>\n<p>Questionado sobre se pediria desculpa caso fosse obrigado pelo tribunal, Andr\u00e9 Ventura respondeu que quem deveria faz\u00ea-lo era a comunidade cigana, por \u201cestar h\u00e1 500 anos em Portugal sem cumprir a lei\u201d.<\/p>\n<p>\u201cEstamos na Coreia do Norte? Chegamos \u00e0 Venezuela? O tribunal vai dizer-me para pedir desculpa? <strong>Eu sou um democrata. N\u00e3o abdico da minha liberdade.<\/strong> Ou defendemos a nossa democracia ou deixamos que a nossa democracia morra\u201d, vincou.<\/p>\n<p>O julgamento prossegue na quinta-feira.<\/p>\n","protected":false},"excerpt":{"rendered":"Acompanhe o nosso liveblog sobre pol\u00edtica O presidente do Chega e candidato \u00e0 Presid\u00eancia da Rep\u00fablica, Andr\u00e9 Ventura,&hellip;\n","protected":false},"author":2,"featured_media":191739,"comment_status":"","ping_status":"","sticky":false,"template":"","format":"standard","meta":{"footnotes":""},"categories":[10],"tags":[3368,27,28,1077,15,16,14,300,25,26,21,22,12,13,19,20,3369,302,32,1076,23,24,33,17,18,29,30,31],"class_list":{"0":"post-191738","1":"post","2":"type-post","3":"status-publish","4":"format-standard","5":"has-post-thumbnail","7":"category-portugal","8":"tag-andru00e9-ventura","9":"tag-breaking-news","10":"tag-breakingnews","11":"tag-eleiu00e7u00f5es","12":"tag-featured-news","13":"tag-featurednews","14":"tag-headlines","15":"tag-justiu00e7a","16":"tag-latest-news","17":"tag-latestnews","18":"tag-main-news","19":"tag-mainnews","20":"tag-news","21":"tag-noticias","22":"tag-noticias-principais","23":"tag-noticiasprincipais","24":"tag-partido-chega","25":"tag-polu00edtica","26":"tag-portugal","27":"tag-presidenciais-2026","28":"tag-principais-noticias","29":"tag-principaisnoticias","30":"tag-pt","31":"tag-top-stories","32":"tag-topstories","33":"tag-ultimas","34":"tag-ultimas-noticias","35":"tag-ultimasnoticias"},"share_on_mastodon":{"url":"https:\/\/pubeurope.com\/@pt\/115733928702522127","error":""},"_links":{"self":[{"href":"https:\/\/www.europesays.com\/pt\/wp-json\/wp\/v2\/posts\/191738","targetHints":{"allow":["GET"]}}],"collection":[{"href":"https:\/\/www.europesays.com\/pt\/wp-json\/wp\/v2\/posts"}],"about":[{"href":"https:\/\/www.europesays.com\/pt\/wp-json\/wp\/v2\/types\/post"}],"author":[{"embeddable":true,"href":"https:\/\/www.europesays.com\/pt\/wp-json\/wp\/v2\/users\/2"}],"replies":[{"embeddable":true,"href":"https:\/\/www.europesays.com\/pt\/wp-json\/wp\/v2\/comments?post=191738"}],"version-history":[{"count":0,"href":"https:\/\/www.europesays.com\/pt\/wp-json\/wp\/v2\/posts\/191738\/revisions"}],"wp:featuredmedia":[{"embeddable":true,"href":"https:\/\/www.europesays.com\/pt\/wp-json\/wp\/v2\/media\/191739"}],"wp:attachment":[{"href":"https:\/\/www.europesays.com\/pt\/wp-json\/wp\/v2\/media?parent=191738"}],"wp:term":[{"taxonomy":"category","embeddable":true,"href":"https:\/\/www.europesays.com\/pt\/wp-json\/wp\/v2\/categories?post=191738"},{"taxonomy":"post_tag","embeddable":true,"href":"https:\/\/www.europesays.com\/pt\/wp-json\/wp\/v2\/tags?post=191738"}],"curies":[{"name":"wp","href":"https:\/\/api.w.org\/{rel}","templated":true}]}}