{"id":191748,"date":"2025-12-17T08:32:08","date_gmt":"2025-12-17T08:32:08","guid":{"rendered":"https:\/\/www.europesays.com\/pt\/191748\/"},"modified":"2025-12-17T08:32:08","modified_gmt":"2025-12-17T08:32:08","slug":"trump-classifica-venezuela-como-estado-terrorista-observador","status":"publish","type":"post","link":"https:\/\/www.europesays.com\/pt\/191748\/","title":{"rendered":"Trump classifica Venezuela como &#8220;estado terrorista&#8221; \u2013 Observador"},"content":{"rendered":"<p>Os Estados Unidos decidiram classificar a Venezuela como um estado <strong>\u201cterrorista\u201d<\/strong>. Pelo menos \u00e9 isso que garante o Presidente norte-americano, Donald Trump, que anunciou tamb\u00e9m que vai impor um <strong>\u201cbloqueio total e completo aos petroleiros\u201d<\/strong> na entrada e sa\u00edda do pa\u00eds. Em resposta, o Governo venezuelano denunciou a inten\u00e7\u00e3o como uma \u201camea\u00e7a grotesca\u201d e afirmou\u00a0que o objetivo de Washington \u00e9 \u201croubar as riquezas\u201d venezuelanas.<\/p>\n<p>Numa <a href=\"https:\/\/truthsocial.com\/@realDonaldTrump\/posts\/115731908387416458\" rel=\"nofollow noopener\" target=\"_blank\">publica\u00e7\u00e3o longa na rede social Truth Social<\/a>, em que declara o regime como \u201cTERRORISTA\u201d em letras mai\u00fasculas, Trump frisa que o pa\u00eds est\u00e1 \u201ccompletamente <strong>cercado<\/strong>\u201d pela \u201cmaior Armada de sempre na Hist\u00f3ria da Am\u00e9rica do Sul\u201d e que esta s\u00f3 vai aumentar.<\/p>\n<p>Na mesma publica\u00e7\u00e3o, o Presidente dos Estados Unidos acusa a Venezuela de ter roubado territ\u00f3rio, petr\u00f3leo e \u201coutros bens\u201d aos Estados Unidos e promete que o pa\u00eds ficar\u00e1 cercado at\u00e9 devolver o que \u201croubou\u201d atrav\u00e9s do <strong>\u201cregime ileg\u00edtimo de Maduro\u201d.<\/strong><\/p>\n<p>        <img src=\"https:\/\/bordalo.observador.pt\/v2\/q:60\/rs:fill:560\/plain\/https:\/\/s3.observador.pt\/wp-content\/uploads\/2025\/12\/17081905\/captura-de-ecra-2025-12-17-as-081846.jpg\" alt=\"\" loading=\"lazy\" decoding=\"async\" class=\"alignnone\" onload=\"this.parentElement.classList.remove('spinner')\" onerror=\"this.parentElement.classList.remove('spinner')\"\/>    <\/p>\n<p>Nesta publica\u00e7\u00e3o, Trump prossegue dizendo que Maduro est\u00e1 a usar os bens roubados para \u201cfinanciar <strong>homic\u00eddios<\/strong>, tr\u00e1fico humano, terrorismo com drogas e raptos\u201d e que por isso ser\u00e1 classificado como terrorista.<\/p>\n<p>Al\u00e9m disso, o governante aproveita para criticar a administra\u00e7\u00e3o do seu antecessor, Joe Biden, dizendo que nessa altura de governa\u00e7\u00e3o \u201cfraca e inapta\u201d entraram no pa\u00eds muitos imigrantes ilegais venezuelanos e que esses est\u00e3o a ser \u201crapidamente <strong>devolvidos<\/strong>\u201c.<\/p>\n<p>\u201cA Am\u00e9rica n\u00e3o vai permitir que criminosos, terroristas ou outros pa\u00edses que roubem, ameacem e magoem o nosso pa\u00eds, assim como n\u00e3o vai permitir que um<strong> regime hostil <\/strong>leve o nosso petr\u00f3leo, territ\u00f3rio ou quaisquer outros bens\u201d, atira ainda.<\/p>\n<p>Ainda na ter\u00e7a-feira, o Governo venezuelano respondeu ao an\u00fancio de Trump com duras cr\u00edticas \u00e0 Casa Branca, com um comunicado do executivo de Nicol\u00e1s Maduro a afirmar que Trump \u201cpretende impor de forma absolutamente irracional um suposto bloqueio militar naval\u201d com o objetivo de \u201croubar as riquezas\u201d venezuelanas.<\/p>\n<p>O Governo de Maduro considera que a decis\u00e3o de Trump viola \u201co direito internacional, o livre com\u00e9rcio e a livre navega\u00e7\u00e3o\u201d, o que classificou como \u201camea\u00e7a temer\u00e1ria e grave\u201d.<\/p>\n<p>Caracas acrescenta que a \u201cverdadeira inten\u00e7\u00e3o\u201d do Presidente norte-americano \u201csempre foi apropriar-se do petr\u00f3leo, das terras e dos minerais do pa\u00eds por meio de gigantescas campanhas de mentiras e manipula\u00e7\u00f5es\u201d, uma acusa\u00e7\u00e3o que vem a repetir h\u00e1 semanas.<\/p>\n<p>\u201cNas suas redes sociais, ele [Trump] assume que o petr\u00f3leo, as terras e as riquezas minerais da Venezuela s\u00e3o sua propriedade\u201d, afirma o Governo venezuelano, reafirmando a soberania da na\u00e7\u00e3o sul-americana sobre os seus recursos naturais e o seu \u201cdireito \u00e0 livre navega\u00e7\u00e3o e ao livre com\u00e9rcio no mar das Cara\u00edbas e nos oceanos do mundo\u201d.<\/p>\n<p>Caracas anuncia ainda que proceder\u00e1, em \u201cestrita conformidade com a Carta da ONU, de acordo com o exerc\u00edcio pleno da sua liberdade, jurisdi\u00e7\u00e3o e soberania, acima das amea\u00e7as belicistas\u201d, e que o seu embaixador junto ao organismo multilateral denunciar\u00e1 de imediato \u201cessa grave viola\u00e7\u00e3o do direito internacional contra a Venezuela\u201d.<\/p>\n<p>\u201cA Venezuela nunca mais voltar\u00e1 a ser col\u00f3nia de um imp\u00e9rio ou de qualquer pot\u00eancia estrangeira\u201d, afirma o comunicado do Governo venezuelano, que apela ao povo norte-americano e ao mundo para \u201crejeitarem por todos os meios esta amea\u00e7a extravagante\u201d.<\/p>\n<p>Na segunda-feira aconteceu mais um ataque a embarca\u00e7\u00f5es que os EUA garantem que transportavam drogas da Venezuela, provocando <strong>oito mortos.<\/strong> A press\u00e3o de Trump sobre o regime de Maduro (que, garante, \u00e9 ele pr\u00f3prio l\u00edder de um cartel de droga) tem vindo a aumentar, com o envio de navios americanos para patrulhar a costa venezuelana e a sugest\u00e3o de que a campanha <a href=\"https:\/\/veja.abril.com.br\/mundo\/trump-anuncia-bloqueio-a-petroleiros-e-diz-que-venezuela-esta-completamente-cercada\/\" rel=\"nofollow noopener\" target=\"_blank\">pode chegar mesmo<\/a> a territ\u00f3rio venezuelano. Ainda na semana passada Trump <a href=\"https:\/\/observador.pt\/2025\/12\/12\/trump-anuncia-que-ataques-terrestres-contra-traficantes-de-droga-na-venezuela-vao-comecar-a-acontecer\/\" rel=\"nofollow noopener\" target=\"_blank\">garantiu<\/a> que os ataques contra traficantes de droga em terra iriam come\u00e7ar em breve.<\/p>\n<p>\u201cTodos os barcos que se viu que foram abatidos salvaram 25 mil vidas norte-americanas. Acab\u00e1mos com 96% das drogas que vinham atrav\u00e9s por \u00e1gua. E agora vamos come\u00e7ar por terra. Por terra \u00e9 mais f\u00e1cil. E vai come\u00e7ar a acontecer. N\u00e3o vamos deixar que [as drogas] destruam as nossas fam\u00edlias\u201d, disse na Casa Branca.<\/p>\n","protected":false},"excerpt":{"rendered":"Os Estados Unidos decidiram classificar a Venezuela como um estado \u201cterrorista\u201d. Pelo menos \u00e9 isso que garante o&hellip;\n","protected":false},"author":2,"featured_media":191749,"comment_status":"","ping_status":"","sticky":false,"template":"","format":"standard","meta":{"footnotes":""},"categories":[50],"tags":[624,27,28,623,15,16,14,25,26,21,22,62,12,13,19,20,23,24,17,18,29,30,31,63,64,65],"class_list":{"0":"post-191748","1":"post","2":"type-post","3":"status-publish","4":"format-standard","5":"has-post-thumbnail","7":"category-mundo","8":"tag-amu00e9rica","9":"tag-breaking-news","10":"tag-breakingnews","11":"tag-estados-unidos-da-amu00e9rica","12":"tag-featured-news","13":"tag-featurednews","14":"tag-headlines","15":"tag-latest-news","16":"tag-latestnews","17":"tag-main-news","18":"tag-mainnews","19":"tag-mundo","20":"tag-news","21":"tag-noticias","22":"tag-noticias-principais","23":"tag-noticiasprincipais","24":"tag-principais-noticias","25":"tag-principaisnoticias","26":"tag-top-stories","27":"tag-topstories","28":"tag-ultimas","29":"tag-ultimas-noticias","30":"tag-ultimasnoticias","31":"tag-world","32":"tag-world-news","33":"tag-worldnews"},"share_on_mastodon":{"url":"https:\/\/pubeurope.com\/@pt\/115733983876533650","error":""},"_links":{"self":[{"href":"https:\/\/www.europesays.com\/pt\/wp-json\/wp\/v2\/posts\/191748","targetHints":{"allow":["GET"]}}],"collection":[{"href":"https:\/\/www.europesays.com\/pt\/wp-json\/wp\/v2\/posts"}],"about":[{"href":"https:\/\/www.europesays.com\/pt\/wp-json\/wp\/v2\/types\/post"}],"author":[{"embeddable":true,"href":"https:\/\/www.europesays.com\/pt\/wp-json\/wp\/v2\/users\/2"}],"replies":[{"embeddable":true,"href":"https:\/\/www.europesays.com\/pt\/wp-json\/wp\/v2\/comments?post=191748"}],"version-history":[{"count":0,"href":"https:\/\/www.europesays.com\/pt\/wp-json\/wp\/v2\/posts\/191748\/revisions"}],"wp:featuredmedia":[{"embeddable":true,"href":"https:\/\/www.europesays.com\/pt\/wp-json\/wp\/v2\/media\/191749"}],"wp:attachment":[{"href":"https:\/\/www.europesays.com\/pt\/wp-json\/wp\/v2\/media?parent=191748"}],"wp:term":[{"taxonomy":"category","embeddable":true,"href":"https:\/\/www.europesays.com\/pt\/wp-json\/wp\/v2\/categories?post=191748"},{"taxonomy":"post_tag","embeddable":true,"href":"https:\/\/www.europesays.com\/pt\/wp-json\/wp\/v2\/tags?post=191748"}],"curies":[{"name":"wp","href":"https:\/\/api.w.org\/{rel}","templated":true}]}}