{"id":191757,"date":"2025-12-17T08:46:17","date_gmt":"2025-12-17T08:46:17","guid":{"rendered":"https:\/\/www.europesays.com\/pt\/191757\/"},"modified":"2025-12-17T08:46:17","modified_gmt":"2025-12-17T08:46:17","slug":"donald-trump-pede-indemnizacao-de-85-mil-milhoes-de-euros-a-bbc","status":"publish","type":"post","link":"https:\/\/www.europesays.com\/pt\/191757\/","title":{"rendered":"Donald Trump pede indemniza\u00e7\u00e3o de 8,5 mil milh\u00f5es de euros \u00e0 BBC"},"content":{"rendered":"<p>O Presidente norte-americano exige uma <strong>indemniza\u00e7\u00e3o de 10 mil milh\u00f5es de d\u00f3lares<\/strong> (o equivalente a 8,5 mil milh\u00f5es de euros) da <a href=\"https:\/\/www.bbc.com\/\" target=\"_blank\" rel=\"noopener noreferrer nofollow\">BBC<\/a>, num processo contra a esta\u00e7\u00e3o p\u00fablica brit\u00e2nica, que <strong>acusa de difama\u00e7\u00e3o por uma edi\u00e7\u00e3o de v\u00eddeo enganadora<\/strong>.<\/p>\n<p>A queixa, apresentada num tribunal federal em Miami por <a href=\"https:\/\/expresso.pt\/internacional\/eua\/2025-11-15-trump-acusa-a-bbc-de-manipulacao-e-admite-avancar-com-um-processo-que-podera-chegar-aos-5-mil-milhoes-de-dolares-88098275\" target=\"_blank\" rel=\"noopener noreferrer nofollow\">Donald Trump<\/a> e consultada pela ag\u00eancia <a href=\"https:\/\/www.afp.com\/\" target=\"_blank\" rel=\"noopener noreferrer nofollow\">France-Presse<\/a> (AFP), pede <strong>&#8220;uma indemniza\u00e7\u00e3o no valor m\u00ednimo de cinco mil milh\u00f5es de d\u00f3lares (4,25 mil milh\u00f5es de euros)&#8221;<\/strong> por cada uma das duas acusa\u00e7\u00f5es num total de 10 mil milh\u00f5es de d\u00f3lares. Trump queixa-se de difama\u00e7\u00e3o e viola\u00e7\u00e3o de uma lei da Florida sobre pr\u00e1ticas comerciais enganosas e desleais.<\/p>\n<p>O <a href=\"https:\/\/expresso.pt\/internacional\/reino-unido\/2025-11-26-bbc-volta-a-gerar-polemica-agora-por-ter-retirado-frase-critica-sobre-trump-de-uma-conferencia-c7b229f8\" target=\"_blank\" rel=\"noopener noreferrer nofollow\">grupo audiovisual brit\u00e2nico<\/a>, cuja audi\u00eancia e reputa\u00e7\u00e3o ultrapassam as fronteiras do Reino Unido, est\u00e1 em turbul\u00eancia desde as revela\u00e7\u00f5es sobre um programa de informa\u00e7\u00e3o de refer\u00eancia &#8220;Panorama&#8221;, que colocou no ar, pouco antes das elei\u00e7\u00f5es presidenciais norte-americanas de 2024, <strong>excertos separados de um discurso de Donald Trump de 06 de janeiro de 2021<\/strong>, montados de tal forma que o l\u00edder republicano parece exortar explicitamente os seus apoiantes a atacarem o Capit\u00f3lio em Washington.<\/p>\n<p>O caso levou \u00e0 demiss\u00e3o do diretor-geral, Tim Davie, e da chefe de informa\u00e7\u00e3o, Deborah Turness.<\/p>\n<p>O presidente da BBC, Samir Shah, enviou uma carta com um <a href=\"https:\/\/expresso.pt\/internacional\/reino-unido\/2025-11-12-bbc-preparada-para-pedir-desculpa-a-donald-trump-e9d62d5a\" target=\"_blank\" rel=\"noopener noreferrer nofollow\">pedido de desculpa a Donald Trump<\/a>, mas n\u00e3o conseguiu demov\u00ea-lo da queixa-crime. Por outro lado, e n\u00e3o obstante o pedido de desculpa, <strong>Shah rejeitou as acusa\u00e7\u00f5es do Presidente norte-americano e disse estar determinado a contestar qualquer queixa por difama\u00e7\u00e3o.<\/strong><\/p>\n<p>O chefe de Estado norte-americano apresentou ou amea\u00e7ou apresentar queixas contra v\u00e1rios grupos de comunica\u00e7\u00e3o social nos Estados Unidos, alguns dos quais pagaram somas avultadas para p\u00f4r fim aos processos judiciais.<\/p>\n","protected":false},"excerpt":{"rendered":"O Presidente norte-americano exige uma indemniza\u00e7\u00e3o de 10 mil milh\u00f5es de d\u00f3lares (o equivalente a 8,5 mil milh\u00f5es&hellip;\n","protected":false},"author":2,"featured_media":191758,"comment_status":"","ping_status":"","sticky":false,"template":"","format":"standard","meta":{"footnotes":""},"categories":[50],"tags":[27,28,15,16,14,25,26,21,22,62,12,13,19,20,23,24,17,18,29,30,31,63,64,65],"class_list":{"0":"post-191757","1":"post","2":"type-post","3":"status-publish","4":"format-standard","5":"has-post-thumbnail","7":"category-mundo","8":"tag-breaking-news","9":"tag-breakingnews","10":"tag-featured-news","11":"tag-featurednews","12":"tag-headlines","13":"tag-latest-news","14":"tag-latestnews","15":"tag-main-news","16":"tag-mainnews","17":"tag-mundo","18":"tag-news","19":"tag-noticias","20":"tag-noticias-principais","21":"tag-noticiasprincipais","22":"tag-principais-noticias","23":"tag-principaisnoticias","24":"tag-top-stories","25":"tag-topstories","26":"tag-ultimas","27":"tag-ultimas-noticias","28":"tag-ultimasnoticias","29":"tag-world","30":"tag-world-news","31":"tag-worldnews"},"share_on_mastodon":{"url":"https:\/\/pubeurope.com\/@pt\/115734038681910339","error":""},"_links":{"self":[{"href":"https:\/\/www.europesays.com\/pt\/wp-json\/wp\/v2\/posts\/191757","targetHints":{"allow":["GET"]}}],"collection":[{"href":"https:\/\/www.europesays.com\/pt\/wp-json\/wp\/v2\/posts"}],"about":[{"href":"https:\/\/www.europesays.com\/pt\/wp-json\/wp\/v2\/types\/post"}],"author":[{"embeddable":true,"href":"https:\/\/www.europesays.com\/pt\/wp-json\/wp\/v2\/users\/2"}],"replies":[{"embeddable":true,"href":"https:\/\/www.europesays.com\/pt\/wp-json\/wp\/v2\/comments?post=191757"}],"version-history":[{"count":0,"href":"https:\/\/www.europesays.com\/pt\/wp-json\/wp\/v2\/posts\/191757\/revisions"}],"wp:featuredmedia":[{"embeddable":true,"href":"https:\/\/www.europesays.com\/pt\/wp-json\/wp\/v2\/media\/191758"}],"wp:attachment":[{"href":"https:\/\/www.europesays.com\/pt\/wp-json\/wp\/v2\/media?parent=191757"}],"wp:term":[{"taxonomy":"category","embeddable":true,"href":"https:\/\/www.europesays.com\/pt\/wp-json\/wp\/v2\/categories?post=191757"},{"taxonomy":"post_tag","embeddable":true,"href":"https:\/\/www.europesays.com\/pt\/wp-json\/wp\/v2\/tags?post=191757"}],"curies":[{"name":"wp","href":"https:\/\/api.w.org\/{rel}","templated":true}]}}