{"id":191761,"date":"2025-12-17T08:49:09","date_gmt":"2025-12-17T08:49:09","guid":{"rendered":"https:\/\/www.europesays.com\/pt\/191761\/"},"modified":"2025-12-17T08:49:09","modified_gmt":"2025-12-17T08:49:09","slug":"thiaguinho-revela-susto-de-morte-com-carol-peixinho-que-definiu-nome-do-filho","status":"publish","type":"post","link":"https:\/\/www.europesays.com\/pt\/191761\/","title":{"rendered":"Thiaguinho revela susto de morte com Carol Peixinho que definiu nome do filho"},"content":{"rendered":"<p>Por tr\u00e1s da escolha do nome <strong>Bento<\/strong>, o primeiro filho de <a href=\"https:\/\/caras.com.br\/tags\/Thiaguinho\" rel=\"nofollow noopener\" target=\"_blank\"><strong>Thiaguinho<\/strong><\/a> e <a href=\"https:\/\/caras.com.br\/tags\/carol-peixinho\" rel=\"nofollow noopener\" target=\"_blank\"><strong>Carol Peixinho<\/strong><\/a>, existe uma hist\u00f3ria de tens\u00e3o, al\u00edvio e uma promessa feita em solo africano. A revela\u00e7\u00e3o foi feita pelo cantor durante o especial de fim de ano do programa \u2018Que Hist\u00f3ria \u00c9 Essa, Porchat?\u2018, exibido nesta ter\u00e7a-feira, 16.<\/p>\n<p>Ao lado dos amigos <strong>Bruninho<\/strong> (do v\u00f4lei) e <strong>Douglas Silva<\/strong>, em uma resenha repleta de pagode e gargalhadas, Thiaguinho mudou o tom para compartilhar um momento de sufoco vivido pelo casal durante uma viagem a Angola. O que era para ser um almo\u00e7o tranquilo na Ilha do Mussulo, perto de Luanda, transformou-se em um epis\u00f3dio traum\u00e1tico quando Carol se engasgou gravemente.<\/p>\n<p> O drama em Angola <\/p>\n<p>Thiaguinho detalhou o cen\u00e1rio paradis\u00edaco que rapidamente virou um pesadelo. Segundo o pagodeiro, o incidente ocorreu durante uma folga ap\u00f3s uma s\u00e9rie de shows:<\/p>\n<p>\u201cA gente foi fazer show em Angola, Ilha do Mussulo, sou apaixonado por l\u00e1, perto de Luanda. Fomos comer, era uma folga, eu j\u00e1 tinha feito show no s\u00e1bado e a ilha foi no domingo. Carol foi comer um peixe e engasgou com o espinho. Ela come\u00e7ou a ficar vermelha, foi para o banheiro, comeu miolo de p\u00e3o e nada.\u201d<\/p>\n<p>\t O \u201canjo\u201d desconhecido <\/p>\n<p>Enquanto o casal vivia momentos de p\u00e2nico, a ajuda veio de onde menos esperavam. Um funcion\u00e1rio do local interveio na situa\u00e7\u00e3o, que j\u00e1 durava minutos angustiantes. Thiaguinho descreveu a afli\u00e7\u00e3o de ver a esposa naquela situa\u00e7\u00e3o e a interven\u00e7\u00e3o crucial do desconhecido:<\/p>\n<p><strong>Leia tamb\u00e9m<\/strong>: <a href=\"https:\/\/caras.com.br\/atualidades\/tres-geracoes-thiaguinho-chama-atencao-ao-posar-ao-lado-do-pai-e-do-filho-familia-linda.phtml\" rel=\"nofollow noopener\" target=\"_blank\">Thiaguinho chama aten\u00e7\u00e3o ao posar ao lado do pai e do filho: \u2018Fam\u00edlia linda\u2019<\/a><\/p>\n<p>\u201cA\u00ed apareceu um gar\u00e7om maravilhoso, prestativo, que ficou uns cinco minutos nessa agonia. A gente que est\u00e1 de fora fica numa tens\u00e3o, ela s\u00f3 no dedo na goela. E o gar\u00e7om ajudando a gente no sofrimento, at\u00e9 que gra\u00e7as a Deus conseguiu sair. Imagina perder minha mulher nessa situa\u00e7\u00e3o?\u201d<\/p>\n<p> A promessa e a homenagem <\/p>\n<p>Passado o susto, o cantor sentiu a necessidade de agradecer \u00e0 altura o homem que salvou a vida de Carol. Foi nesse instante de gratid\u00e3o extrema que o nome do futuro herdeiro do casal foi decidido.<\/p>\n<p>\u201cOlhei para ele e disse: \u2018Muito obrigado, salvou a gente, a vida da minha mulher. Qual seu nome?\u2019 Ele respondeu Bento. Eu falei: \u2018Se tiver um filho homem, meu filho vai se chamar Bento\u2019. Meu filho se chama Bento por causa desse gar\u00e7om. Tentei procurar esse ano o personagem dessa hist\u00f3ria, mas n\u00e3o encontrei.\u201d<\/p>\n<p>O nome Bento, de origem latina (Benedictus), significa \u201caben\u00e7oado\u201d ou \u201cbendito\u201d. Para Thiaguinho e Carol, a escolha vai muito al\u00e9m da etimologia: carrega a mem\u00f3ria de um livramento e a celebra\u00e7\u00e3o da vida, marcando para sempre a chegada do primog\u00eanito que transformou a rotina da fam\u00edlia.<\/p>\n<p><strong>CONFIRA PUBLICA\u00c7\u00c3O RECENTE DA CARAS BRASIL NAS\u00a0<a href=\"https:\/\/www.instagram.com\/carasbrasil\/\" rel=\"nofollow noopener\" target=\"_blank\">REDES SOCIAIS:<\/a><\/strong><\/p>\n<blockquote class=\"instagram-media\" style=\"background: #FFF; border: 0; border-radius: 3px; box-shadow: 0 0 1px 0 rgba(0,0,0,0.5),0 1px 10px 0 rgba(0,0,0,0.15); margin: 1px; max-width: 540px; min-width: 326px; padding: 0; width: calc(100% - 2px);\" data-instgrm-permalink=\"https:\/\/www.instagram.com\/p\/DSIzK7-DfiP\/?utm_source=ig_embed&amp;utm_campaign=loading\" data-instgrm-version=\"14\"><\/blockquote>\n<p>        <a href=\"https:\/\/caras.com.br\/autor\/gabriela-cunha\" rel=\"nofollow noopener\" target=\"_blank\">&#13;<br \/>\n          <img loading=\"lazy\" alt=\"Gabriela Cunha\" src=\"https:\/\/www.europesays.com\/pt\/wp-content\/uploads\/2025\/12\/1765961349_415_33851544c4281386abbb6d5018d2c5b6d6eba8c7bd770ad253be76a6a4a0a488\"  class=\"avatar avatar-115 photo rounded-circle mr-3\" height=\"115\" width=\"115\" decoding=\"async\"\/>        <\/a><\/p>\n<p><strong>GABRIELA CUNHA<\/strong> \u00e9 jornalista graduada pela Universidade Presbiteriana Mackenzie (UPM). Especialista em entretenimento, atua na cobertura editorial de televis\u00e3o, celebridades e comportamento, com foco em not\u00edcias e an\u00e1lises<\/p>\n<p>\t                                            <script async src=\"\/\/www.instagram.com\/embed.js\"><\/script><\/p>\n","protected":false},"excerpt":{"rendered":"Por tr\u00e1s da escolha do nome Bento, o primeiro filho de Thiaguinho e Carol Peixinho, existe uma hist\u00f3ria&hellip;\n","protected":false},"author":2,"featured_media":191762,"comment_status":"","ping_status":"","sticky":false,"template":"","format":"standard","meta":{"footnotes":""},"categories":[145],"tags":[13603,20619,211,210,114,115,3435,32,33,11637],"class_list":{"0":"post-191761","1":"post","2":"type-post","3":"status-publish","4":"format-standard","5":"has-post-thumbnail","7":"category-celebridades","8":"tag-bento","9":"tag-carol-peixinho","10":"tag-celebridades","11":"tag-celebrities","12":"tag-entertainment","13":"tag-entretenimento","14":"tag-filho","15":"tag-portugal","16":"tag-pt","17":"tag-thiaguinho"},"share_on_mastodon":{"url":"https:\/\/pubeurope.com\/@pt\/115734050675488124","error":""},"_links":{"self":[{"href":"https:\/\/www.europesays.com\/pt\/wp-json\/wp\/v2\/posts\/191761","targetHints":{"allow":["GET"]}}],"collection":[{"href":"https:\/\/www.europesays.com\/pt\/wp-json\/wp\/v2\/posts"}],"about":[{"href":"https:\/\/www.europesays.com\/pt\/wp-json\/wp\/v2\/types\/post"}],"author":[{"embeddable":true,"href":"https:\/\/www.europesays.com\/pt\/wp-json\/wp\/v2\/users\/2"}],"replies":[{"embeddable":true,"href":"https:\/\/www.europesays.com\/pt\/wp-json\/wp\/v2\/comments?post=191761"}],"version-history":[{"count":0,"href":"https:\/\/www.europesays.com\/pt\/wp-json\/wp\/v2\/posts\/191761\/revisions"}],"wp:featuredmedia":[{"embeddable":true,"href":"https:\/\/www.europesays.com\/pt\/wp-json\/wp\/v2\/media\/191762"}],"wp:attachment":[{"href":"https:\/\/www.europesays.com\/pt\/wp-json\/wp\/v2\/media?parent=191761"}],"wp:term":[{"taxonomy":"category","embeddable":true,"href":"https:\/\/www.europesays.com\/pt\/wp-json\/wp\/v2\/categories?post=191761"},{"taxonomy":"post_tag","embeddable":true,"href":"https:\/\/www.europesays.com\/pt\/wp-json\/wp\/v2\/tags?post=191761"}],"curies":[{"name":"wp","href":"https:\/\/api.w.org\/{rel}","templated":true}]}}