{"id":191771,"date":"2025-12-17T09:04:15","date_gmt":"2025-12-17T09:04:15","guid":{"rendered":"https:\/\/www.europesays.com\/pt\/191771\/"},"modified":"2025-12-17T09:04:15","modified_gmt":"2025-12-17T09:04:15","slug":"juliana-paes-se-emociona-em-aniversario-do-filho","status":"publish","type":"post","link":"https:\/\/www.europesays.com\/pt\/191771\/","title":{"rendered":"Juliana Paes se emociona em anivers\u00e1rio do filho"},"content":{"rendered":"<p>A atriz <a href=\"https:\/\/caras.com.br\/tags\/juliana-paes\" rel=\"nofollow noopener\" target=\"_blank\"><strong>Juliana Paes<\/strong><\/a> surpreendeu seus seguidores com uma homenagem emocionante nesta ter\u00e7a-feira, 16. A rainha de bateria da Viradouro compartilhou uma mensagem ao seu filho Pedro, que acabou de completar 15 anos.<\/p>\n<p>Junto com o texto emocionante, a artista publicou registros do garoto em suas redes sociais. \u201cFeliz tudo novo, meu amor! Feliz anivers\u00e1rio! Mami est\u00e1 meio emotiva\u2026 15 anos? Meu Deus\u2026 Te amo demais!\u201d, desejou ela em seus stories.<\/p>\n<p>Juliana Paes abre o cora\u00e7\u00e3o ao falar sobre maternidade<\/p>\n<p>A atriz Juliana Paes j\u00e1 afirmou que seu papel de maior orgulho \u00e9 a maternidade. Casada com o empres\u00e1rio <strong>Carlos Eduardo Baptista<\/strong>, ela \u00e9 m\u00e3e de Pedro e <strong>Ant\u00f4nio<\/strong> e faz quest\u00e3o de blindar os filhos da exposi\u00e7\u00e3o excessiva, priorizando a rotina familiar e a cria\u00e7\u00e3o de la\u00e7os fortes baseados no afeto e no di\u00e1logo.<\/p>\n<p>A atriz j\u00e1 revelou em entrevistas que busca impor limites de forma amorosa, focando na comunica\u00e7\u00e3o aberta com Pedro e Ant\u00f4nio. Ela se esfor\u00e7a para ser uma m\u00e3e presente, conversando sobre os desafios e as alegrias da inf\u00e2ncia.<\/p>\n<p>Um dos maiores desafios da maternidade moderna, segundo Juliana, \u00e9 o uso de telas e tecnologia. Ela e o marido buscam equilibrar o acesso a dispositivos eletr\u00f4nicos com brincadeiras ao ar livre e atividades em fam\u00edlia.<\/p>\n<p>Juliana faz um esfor\u00e7o consciente para que os filhos compreendam sua profiss\u00e3o de atriz sem que a fama afete a vida normal dos meninos, mantendo-os fora dos holofotes da m\u00eddia sensacionalista.<\/p>\n<p>A rela\u00e7\u00e3o de Juliana com Pedro e Ant\u00f4nio \u00e9 marcada por muita cumplicidade, carinho e momentos de pura divers\u00e3o. A fam\u00edlia costuma realizar viagens e passeios juntos, compartilhando registros de momentos de lazer e aventura, mostrando a uni\u00e3o e a alegria do cl\u00e3.<\/p>\n<p>Em diversas ocasi\u00f5es, a atriz se declara aos meninos em suas redes sociais, demonstrando ser uma m\u00e3e coruja e muito orgulhosa do crescimento e da personalidade de cada um.<\/p>\n<p>A atriz, que \u00e9 sin\u00f4nimo de sucesso na carreira, mostra que encontra sua maior realiza\u00e7\u00e3o e felicidade no papel de m\u00e3e, dedicando-se inteiramente a educar seus filhos com amor, di\u00e1logo e presen\u00e7a.<\/p>\n<p><strong>Leia tamb\u00e9m:\u00a0<\/strong><a href=\"https:\/\/caras.com.br\/bem-estar\/juliana-paes-faz-revelacao-sobre-saude-e-medica-alerta-esses-episodios-podem-ser-desestabilizadores.phtml\" rel=\"nofollow noopener\" target=\"_blank\">Juliana Paes revela sobre sa\u00fade e m\u00e9dica alerta: \u2018Esses epis\u00f3dios podem ser desestabilizadores\u2019<\/a><\/p>\n<p>        <a href=\"https:\/\/caras.com.br\/autor\/giovanna-f-campos\" rel=\"nofollow noopener\" target=\"_blank\">&#13;<br \/>\n          <img loading=\"lazy\" decoding=\"async\" alt=\"Giovanna F Campos\" src=\"https:\/\/www.europesays.com\/pt\/wp-content\/uploads\/2025\/09\/1758588909_721_525986578_1657136028311574_5510063872310493577_n-150x150.jpg\" class=\"avatar avatar-115 photo rounded-circle\" height=\"115\" width=\"115\"\/>        <\/a><\/p>\n<p>Giovanna F Campos \u00e9 estudante de jornalismo pela Faculdade C\u00e1sper L\u00edbero, apaixonada por entretenimento e literatura.<\/p>\n","protected":false},"excerpt":{"rendered":"A atriz Juliana Paes surpreendeu seus seguidores com uma homenagem emocionante nesta ter\u00e7a-feira, 16. A rainha de bateria&hellip;\n","protected":false},"author":2,"featured_media":191772,"comment_status":"","ping_status":"","sticky":false,"template":"","format":"standard","meta":{"footnotes":""},"categories":[145],"tags":[996,211,210,114,115,997,812,32,33],"class_list":{"0":"post-191771","1":"post","2":"type-post","3":"status-publish","4":"format-standard","5":"has-post-thumbnail","7":"category-celebridades","8":"tag-aniversario","9":"tag-celebridades","10":"tag-celebrities","11":"tag-entertainment","12":"tag-entretenimento","13":"tag-homenagem","14":"tag-juliana-paes","15":"tag-portugal","16":"tag-pt"},"share_on_mastodon":{"url":"https:\/\/pubeurope.com\/@pt\/115734109751632635","error":""},"_links":{"self":[{"href":"https:\/\/www.europesays.com\/pt\/wp-json\/wp\/v2\/posts\/191771","targetHints":{"allow":["GET"]}}],"collection":[{"href":"https:\/\/www.europesays.com\/pt\/wp-json\/wp\/v2\/posts"}],"about":[{"href":"https:\/\/www.europesays.com\/pt\/wp-json\/wp\/v2\/types\/post"}],"author":[{"embeddable":true,"href":"https:\/\/www.europesays.com\/pt\/wp-json\/wp\/v2\/users\/2"}],"replies":[{"embeddable":true,"href":"https:\/\/www.europesays.com\/pt\/wp-json\/wp\/v2\/comments?post=191771"}],"version-history":[{"count":0,"href":"https:\/\/www.europesays.com\/pt\/wp-json\/wp\/v2\/posts\/191771\/revisions"}],"wp:featuredmedia":[{"embeddable":true,"href":"https:\/\/www.europesays.com\/pt\/wp-json\/wp\/v2\/media\/191772"}],"wp:attachment":[{"href":"https:\/\/www.europesays.com\/pt\/wp-json\/wp\/v2\/media?parent=191771"}],"wp:term":[{"taxonomy":"category","embeddable":true,"href":"https:\/\/www.europesays.com\/pt\/wp-json\/wp\/v2\/categories?post=191771"},{"taxonomy":"post_tag","embeddable":true,"href":"https:\/\/www.europesays.com\/pt\/wp-json\/wp\/v2\/tags?post=191771"}],"curies":[{"name":"wp","href":"https:\/\/api.w.org\/{rel}","templated":true}]}}