{"id":19180,"date":"2025-08-07T01:31:15","date_gmt":"2025-08-07T01:31:15","guid":{"rendered":"https:\/\/www.europesays.com\/pt\/19180\/"},"modified":"2025-08-07T01:31:15","modified_gmt":"2025-08-07T01:31:15","slug":"batalhas-de-rap-ocupam-ruas-e-ecoam-a-potencia-do-hip-hop-amazonico","status":"publish","type":"post","link":"https:\/\/www.europesays.com\/pt\/19180\/","title":{"rendered":"batalhas de rap ocupam ruas e ecoam a pot\u00eancia do hip hop amaz\u00f4nico"},"content":{"rendered":"\n<p class=\" content-text__container \" data-track-category=\"Link no Texto\" data-track-links=\"\"> Tudo come\u00e7ou em 2013, como um encontro semanal de MCs em S\u00e3o Br\u00e1s, no microfone aberto, e hoje se expande para um projeto de dimens\u00e3o estadual, conectando dist\u00e2ncias geogr\u00e1ficas colossais para mapear a pot\u00eancia e os talentos do freestyle feito na Amaz\u00f4nia. \u201cO rap no Par\u00e1 n\u00e3o \u00e9 homog\u00eaneo. Cada regi\u00e3o tem sua forma de fazer rima, suas g\u00edrias, seus sotaques. E mesmo com todas as dificuldades, h\u00e1 gente fazendo arte e ocupando as ruas. \u00c9 essa pluralidade que a Copa valoriza\u201d, diz Daniel. <\/p>\n","protected":false},"excerpt":{"rendered":"Tudo come\u00e7ou em 2013, como um encontro semanal de MCs em S\u00e3o Br\u00e1s, no microfone aberto, e hoje&hellip;\n","protected":false},"author":2,"featured_media":19181,"comment_status":"","ping_status":"","sticky":false,"template":"","format":"standard","meta":{"footnotes":""},"categories":[141],"tags":[114,115,149,150,32,33],"class_list":{"0":"post-19180","1":"post","2":"type-post","3":"status-publish","4":"format-standard","5":"has-post-thumbnail","7":"category-musica","8":"tag-entertainment","9":"tag-entretenimento","10":"tag-music","11":"tag-musica","12":"tag-portugal","13":"tag-pt"},"share_on_mastodon":{"url":"","error":""},"_links":{"self":[{"href":"https:\/\/www.europesays.com\/pt\/wp-json\/wp\/v2\/posts\/19180","targetHints":{"allow":["GET"]}}],"collection":[{"href":"https:\/\/www.europesays.com\/pt\/wp-json\/wp\/v2\/posts"}],"about":[{"href":"https:\/\/www.europesays.com\/pt\/wp-json\/wp\/v2\/types\/post"}],"author":[{"embeddable":true,"href":"https:\/\/www.europesays.com\/pt\/wp-json\/wp\/v2\/users\/2"}],"replies":[{"embeddable":true,"href":"https:\/\/www.europesays.com\/pt\/wp-json\/wp\/v2\/comments?post=19180"}],"version-history":[{"count":0,"href":"https:\/\/www.europesays.com\/pt\/wp-json\/wp\/v2\/posts\/19180\/revisions"}],"wp:featuredmedia":[{"embeddable":true,"href":"https:\/\/www.europesays.com\/pt\/wp-json\/wp\/v2\/media\/19181"}],"wp:attachment":[{"href":"https:\/\/www.europesays.com\/pt\/wp-json\/wp\/v2\/media?parent=19180"}],"wp:term":[{"taxonomy":"category","embeddable":true,"href":"https:\/\/www.europesays.com\/pt\/wp-json\/wp\/v2\/categories?post=19180"},{"taxonomy":"post_tag","embeddable":true,"href":"https:\/\/www.europesays.com\/pt\/wp-json\/wp\/v2\/tags?post=19180"}],"curies":[{"name":"wp","href":"https:\/\/api.w.org\/{rel}","templated":true}]}}