{"id":191813,"date":"2025-12-17T10:13:18","date_gmt":"2025-12-17T10:13:18","guid":{"rendered":"https:\/\/www.europesays.com\/pt\/191813\/"},"modified":"2025-12-17T10:13:18","modified_gmt":"2025-12-17T10:13:18","slug":"dezembro-e-o-novo-agosto-e-os-aeroportos-estao-cheios","status":"publish","type":"post","link":"https:\/\/www.europesays.com\/pt\/191813\/","title":{"rendered":"dezembro \u00e9 o \u201cnovo agosto\u201d e os aeroportos est\u00e3o cheios"},"content":{"rendered":"<p>Se tentou comprar um voo de \u00faltima hora esta semana, provavelmente deparou-se com duas realidades: pre\u00e7os proibitivos e avi\u00f5es lotados. N\u00e3o \u00e9 coincid\u00eancia. O aeroporto Humberto Delgado, em Lisboa, e o Francisco S\u00e1 Carneiro, no Porto, est\u00e3o a viver dias de az\u00e1fama que, tradicionalmente, s\u00f3 v\u00edamos nos picos de julho ou agosto. O casaco de penas substituiu o biqu\u00edni na mala de m\u00e3o e a tend\u00eancia \u00e9 clara: viajar em dezembro deixou de ser um luxo de poucos para se tornar algo mais comum.<\/p>\n<p>Estudos recentes da ONU Turismo e dados preliminares da IATA (Associa\u00e7\u00e3o Internacional de Transportes A\u00e9reos) para este final de 2025 confirmam o que as ag\u00eancias de viagens j\u00e1 sentiam ao balc\u00e3o: o turismo de inverno n\u00e3o s\u00f3 recuperou totalmente da pandemia, como est\u00e1 a crescer a um ritmo superior ao do ver\u00e3o em v\u00e1rias latitudes.<\/p>\n<p>Mudan\u00e7a de paradigma: mem\u00f3rias vs. coisas<\/p>\n<p>O que mudou na cabe\u00e7a dos portugueses? A resposta parece estar na redefini\u00e7\u00e3o do &#8220;esp\u00edrito natal\u00edcio&#8221;. Segundo dados da Associa\u00e7\u00e3o Nacional das Ag\u00eancias de Viagens (ANAV) e relat\u00f3rios de consumo da Mastercard Economics Institute, h\u00e1 uma transfer\u00eancia direta do or\u00e7amento que antes era alocado a prendas f\u00edsicas (tecnologia, roupa, brinquedos caros) para experi\u00eancias.<\/p>\n<p>&#8220;As pessoas perceberam que um iPhone dura tr\u00eas anos, mas uma viagem \u00e0 Lap\u00f3nia ou um fim de ano no Rio de Janeiro dura para sempre na mem\u00f3ria&#8221;, explica uma fonte do setor. Este comportamento, que come\u00e7ou a desenhar-se em 2022 como uma &#8220;vingan\u00e7a&#8221; p\u00f3s-confinamento, cristalizou-se em 2025 como um novo h\u00e1bito de consumo.<\/p>\n<p>As fam\u00edlias preferem cada vez mais oferecer uma viagem conjunta, onde todos contribuem ou que serve como &#8220;prenda \u00fanica&#8221;, do que gastar centenas de euros em presentes individuais que acabam esquecidos numa gaveta em janeiro.<\/p>\n<p>O fator &#8220;workcation&#8221; e o fim da sazonalidade<\/p>\n<p>Outro motor silencioso deste crescimento \u00e9 a flexibilidade laboral. Mesmo com o regresso aos escrit\u00f3rios, o modelo h\u00edbrido veio para ficar. Dezembro de 2025 v\u00ea um pico de bleisure (neg\u00f3cios + lazer) e workcations.<\/p>\n<p>Muitos portugueses est\u00e3o a aproveitar as semanas de feriados para trabalhar remotamente a partir de destinos diferentes, guardando os dias de f\u00e9rias efetivos para a semana entre o Natal e o Ano Novo. Isto permitiu alargar a janela de viagens. O que antes era uma viagem de 4 dias (28 a 1 de janeiro), agora transforma-se frequentemente numa estadia de 10 a 15 dias, diluindo a press\u00e3o sobre os voos em dias espec\u00edficos, mas aumentando o volume total de passageiros ao longo do m\u00eas.<\/p>\n<p>Infla\u00e7\u00e3o? Sim, mas viaja-se na mesma<\/p>\n<p>O dado mais surpreendente deste dezembro de 2025 \u00e9 a resili\u00eancia da procura face aos pre\u00e7os. A hotelaria e a avia\u00e7\u00e3o registam aumentos de tarifas na ordem dos 12% a 15% em compara\u00e7\u00e3o com o ano passado. No entanto, os avi\u00f5es continuam cheios.<\/p>\n<p>Isto indica que a viagem passou de um produto de &#8220;excesso de rendimento&#8221; para um produto de &#8220;primeira necessidade&#8221; no or\u00e7amento de lazer das classes m\u00e9dia e alta. Os portugueses est\u00e3o a cortar noutras despesas ao longo do ano (restaura\u00e7\u00e3o semanal, vestu\u00e1rio) para garantir a &#8220;escapadinha&#8221; de dezembro. O or\u00e7amento m\u00e9dio por pessoa para viagens de fim de ano ronda agora, segundo estimativas do setor, os 1.200\u20ac a 1.500\u20ac, valores impens\u00e1veis para a classe m\u00e9dia portuguesa h\u00e1 uma d\u00e9cada.<\/p>\n<p>O mapa das viagens: para onde v\u00e3o todos?<\/p>\n<p>A procura em dezembro divide-se, de forma quase tribal, em dois grandes grupos: os que perseguem o esp\u00edrito natal\u00edcio do frio e os que fogem dele desesperadamente em busca de calor.<\/p>\n<p>\t\t<img decoding=\"async\" src=\"https:\/\/www.europesays.com\/pt\/wp-content\/uploads\/2025\/12\/1765966397_743_thumbs.web.sapo.io\"  alt=\"A Lap\u00f3nia, na Finl\u00e2ndia, continua entre os destinos mais sonhados durante a \u00e9poca do Natal\" loading=\"true\"\/><\/p>\n<p>      A Lap\u00f3nia, na Finl\u00e2ndia, continua entre os destinos mais sonhados durante a \u00e9poca do Natal<br \/>\n      Cr\u00e9ditos: 66 north | Unsplash<\/p>\n<p>Aqui est\u00e3o os destinos que lideram as reservas dos portugueses em dezembro de 2025:<\/p>\n<p>1. Cl\u00e1ssicos do frio e mercados de Natal<\/p>\n<p>A Europa Central continua a ser o destino rei para as pontes de dezembro e para o Natal propriamente dito.<\/p>\n<p><strong>Als\u00e1cia (Fran\u00e7a):<\/strong> Estrasburgo e Colmar tornaram-se o &#8220;Disneyland do Natal&#8221; para os portugueses. A facilidade de voos para aeroportos pr\u00f3ximos e o charme das vilas medievais mant\u00eam este destino no topo.<\/p>\n<p><strong>Alemanha e \u00c1ustria: <\/strong>Munique, Nuremberga e Viena continuam imbat\u00edveis na tradi\u00e7\u00e3o dos mercados.<\/p>\n<p><strong>Lap\u00f3nia (Finl\u00e2ndia):<\/strong> o destino premium de dezembro. Apesar dos pre\u00e7os elevados (facilmente superando os 2.500\u20ac por pessoa), a procura por Rovaniemi e pela casa do Pai Natal esgotou meses antes.<\/p>\n<p><strong>Nova Iorque (EUA):\u00a0<\/strong>o Natal em Manhattan continua a ser um sonho de consumo cinematogr\u00e1fico que atrai milhares de portugueses, beneficiando de um euro que se mant\u00e9m competitivo face ao d\u00f3lar.<\/p>\n<p>2. A fuga para o sol (Fim de Ano)<\/p>\n<p>Para a Passagem de Ano, a l\u00f3gica inverte-se. O objetivo \u00e9 entrar em 2026 de chinelos no p\u00e9.<\/p>\n<p><strong>Brasil:<\/strong> o &#8220;eterno&#8221; favorito. Rio de Janeiro (Copacabana) e o Nordeste (Salvador, Recife, Fortaleza) est\u00e3o a registar ocupa\u00e7\u00f5es m\u00e1ximas de turistas lusos.<\/p>\n<p><strong>Cabo Verde:<\/strong> a op\u00e7\u00e3o &#8220;sol garantido&#8221; mais r\u00e1pida e econ\u00f3mica (relativamente) para os portugueses. Sal e Boavista est\u00e3o cheias.<\/p>\n<p><strong>Cara\u00edbas:<\/strong> Rep\u00fablica Dominicana e M\u00e9xico (Canc\u00fan\/Riviera Maya) continuam a ser as op\u00e7\u00f5es prediletas para o regime de &#8220;Tudo Inclu\u00eddo&#8221;, ideal para fam\u00edlias que querem controlar o or\u00e7amento final.<\/p>\n<p><strong>Sudeste asi\u00e1tico:\u00a0<\/strong>com a normaliza\u00e7\u00e3o total das rotas a\u00e9reas para a \u00c1sia, a Tail\u00e2ndia e o Vietname voltaram em for\u00e7a para quem disp\u00f5e de mais dias de f\u00e9rias.<\/p>\n<p>\t\t<img decoding=\"async\" src=\"https:\/\/www.europesays.com\/pt\/wp-content\/uploads\/2025\/12\/1765966398_49_thumbs.web.sapo.io\"  alt=\"Turistas lusas procuram o Rio de Janeiro para a Passagem de Ano\" loading=\"true\"\/><\/p>\n<p>      Turistas lusas procuram o Rio de Janeiro para a Passagem de Ano<br \/>\n      Cr\u00e9ditos: Raphael Nogueira | Unsplash<\/p>\n<p>3. &#8220;C\u00e1 Dentro&#8221;: as ilhas<\/p>\n<p>N\u00e3o \u00e9 preciso sair do pa\u00eds para encontrar hot\u00e9is cheios.<\/p>\n<p><strong>Madeira:<\/strong> o Fim de Ano no Funchal continua a ser o evento tur\u00edstico n\u00famero um de dezembro em Portugal. A taxa de ocupa\u00e7\u00e3o hoteleira para a noite de 31 de dezembro ro\u00e7a os 100%, com navios de cruzeiro a comporem a moldura do porto.<\/p>\n<p><strong>Lisboa e Porto: <\/strong>curiosamente, as duas grandes cidades est\u00e3o cheias, mas de estrangeiros (espanh\u00f3is, franceses, americanos) que v\u00eam viver o Natal portugu\u00eas, compensando a sa\u00edda dos nacionais.<\/p>\n<p>O que esperar de 2026?<\/p>\n<p>Se dezembro de 2025 nos ensina alguma coisa, \u00e9 que o conceito de &#8220;\u00e9poca baixa&#8221; est\u00e1 moribundo. O turismo tornou-se uma atividade de ano inteiro. Para quem ainda n\u00e3o viajou e est\u00e1 a ler isto no sof\u00e1, fica o aviso: se planeia viajar em dezembro de 2026, comece a pensar nisso em&#8230; mar\u00e7o. A era das viagens de \u00faltima hora baratas acabou; bem-vindos \u00e0 era do planeamento antecipado e do Natal passado nas nuvens.<\/p>\n","protected":false},"excerpt":{"rendered":"Se tentou comprar um voo de \u00faltima hora esta semana, provavelmente deparou-se com duas realidades: pre\u00e7os proibitivos e&hellip;\n","protected":false},"author":2,"featured_media":191814,"comment_status":"","ping_status":"","sticky":false,"template":"","format":"standard","meta":{"footnotes":""},"categories":[50],"tags":[27,28,15,16,14,25,26,21,22,62,12,13,19,20,23,24,17,18,29,30,31,63,64,65],"class_list":{"0":"post-191813","1":"post","2":"type-post","3":"status-publish","4":"format-standard","5":"has-post-thumbnail","7":"category-mundo","8":"tag-breaking-news","9":"tag-breakingnews","10":"tag-featured-news","11":"tag-featurednews","12":"tag-headlines","13":"tag-latest-news","14":"tag-latestnews","15":"tag-main-news","16":"tag-mainnews","17":"tag-mundo","18":"tag-news","19":"tag-noticias","20":"tag-noticias-principais","21":"tag-noticiasprincipais","22":"tag-principais-noticias","23":"tag-principaisnoticias","24":"tag-top-stories","25":"tag-topstories","26":"tag-ultimas","27":"tag-ultimas-noticias","28":"tag-ultimasnoticias","29":"tag-world","30":"tag-world-news","31":"tag-worldnews"},"share_on_mastodon":{"url":"https:\/\/pubeurope.com\/@pt\/115734381251876449","error":""},"_links":{"self":[{"href":"https:\/\/www.europesays.com\/pt\/wp-json\/wp\/v2\/posts\/191813","targetHints":{"allow":["GET"]}}],"collection":[{"href":"https:\/\/www.europesays.com\/pt\/wp-json\/wp\/v2\/posts"}],"about":[{"href":"https:\/\/www.europesays.com\/pt\/wp-json\/wp\/v2\/types\/post"}],"author":[{"embeddable":true,"href":"https:\/\/www.europesays.com\/pt\/wp-json\/wp\/v2\/users\/2"}],"replies":[{"embeddable":true,"href":"https:\/\/www.europesays.com\/pt\/wp-json\/wp\/v2\/comments?post=191813"}],"version-history":[{"count":0,"href":"https:\/\/www.europesays.com\/pt\/wp-json\/wp\/v2\/posts\/191813\/revisions"}],"wp:featuredmedia":[{"embeddable":true,"href":"https:\/\/www.europesays.com\/pt\/wp-json\/wp\/v2\/media\/191814"}],"wp:attachment":[{"href":"https:\/\/www.europesays.com\/pt\/wp-json\/wp\/v2\/media?parent=191813"}],"wp:term":[{"taxonomy":"category","embeddable":true,"href":"https:\/\/www.europesays.com\/pt\/wp-json\/wp\/v2\/categories?post=191813"},{"taxonomy":"post_tag","embeddable":true,"href":"https:\/\/www.europesays.com\/pt\/wp-json\/wp\/v2\/tags?post=191813"}],"curies":[{"name":"wp","href":"https:\/\/api.w.org\/{rel}","templated":true}]}}