{"id":191819,"date":"2025-12-17T10:19:22","date_gmt":"2025-12-17T10:19:22","guid":{"rendered":"https:\/\/www.europesays.com\/pt\/191819\/"},"modified":"2025-12-17T10:19:22","modified_gmt":"2025-12-17T10:19:22","slug":"mal-saiu-do-secret-story-ana-correu-para-os-bracos-de-pessoa-especial-dois-as-10","status":"publish","type":"post","link":"https:\/\/www.europesays.com\/pt\/191819\/","title":{"rendered":"Mal saiu do \u00abSecret Story\u00bb, Ana correu para os bra\u00e7os de pessoa especial &#8211; Dois \u00e0s 10"},"content":{"rendered":"<p>                        As intensas primeiras horas de Ana Batista, depois de ser expulsa do \u00abSecret Story\u00bb.<\/p>\n<p data-end=\"570\" data-start=\"235\">A \u00faltima gala do <strong data-end=\"290\" data-start=\"252\">\u201cSecret Story \u2013 Casa dos Segredos\u201d<\/strong> ficou marcada pela <strong data-end=\"329\" data-start=\"310\">expuls\u00e3o de Ana<\/strong>, que viveu um dos momentos mais emotivos da noite assim que chegou ao est\u00fadio. Visivelmente emocionada, a ex-concorrente <strong data-end=\"492\" data-start=\"451\">correu para os bra\u00e7os da m\u00e3e e da tia<\/strong>, protagonizando um reencontro carregado de l\u00e1grimas, abra\u00e7os e muito carinho.<\/p>\n<p data-end=\"784\" data-start=\"572\">O momento especial n\u00e3o passou despercebido aos telespectadores e mostrou o lado mais humano de Ana, que, depois de semanas de intensa press\u00e3o dentro da casa, p\u00f4de finalmente voltar a sentir o conforto da fam\u00edlia.<\/p>\n<p data-end=\"1000\" data-start=\"786\">J\u00e1 esta <strong data-end=\"811\" data-start=\"794\">segunda-feira<\/strong>, Ana esteve no <strong data-end=\"843\" data-start=\"827\">\u201cDois \u00e0s 10\u201d<\/strong>, onde falou abertamente sobre a sua experi\u00eancia no reality show, os altos e baixos do jogo e as emo\u00e7\u00f5es vividas desde que saiu da casa mais vigiada do pa\u00eds.<\/p>\n<p data-end=\"1151\" data-start=\"1002\">Um dia depois, recorreu \u00e0s redes sociais para fazer um balan\u00e7o de tudo o que viveu, deixando uma mensagem sentida aos seguidores:<\/p>\n<blockquote data-end=\"1475\" data-start=\"1153\">\n<p data-end=\"1475\" data-start=\"1155\">\u201c<strong>Ainda a digerir tudo o que vivi\u00a0<\/strong><\/p>\n<p><strong>Participar neste programa foi uma experi\u00eancia \u00fanica, cheia de emo\u00e7\u00f5es, aprendizagens e desafios.<\/strong><\/p>\n<p><strong>Obrigada a toda a produ\u00e7\u00e3o e equipa por esta oportunidade incr\u00edvel.<\/strong><\/p>\n<p><strong>E obrigada a todos os que me apoiaram e enviaram tanto carinho. Senti-vos em cada momento.<\/strong><\/p>\n<p><strong>Levo-vos comigo.\u201d<\/strong><\/p>\n<p>\u00a0<\/p>\n<\/blockquote>\n<blockquote class=\"instagram-media\" data-instgrm-captioned=\"\" data-instgrm-permalink=\"https:\/\/www.instagram.com\/p\/DSUzd2biCFq\/?utm_source=ig_embed&amp;utm_campaign=loading\" data-instgrm-version=\"14\" style=\" background:#FFF; border:0; border-radius:3px; box-shadow:0 0 1px 0 rgba(0,0,0,0.5),0 1px 10px 0 rgba(0,0,0,0.15); margin: 1px; max-width:540px; min-width:326px; padding:0; width:99.375%; width:-webkit-calc(100% - 2px); width:calc(100% - 2px);\">\n<\/blockquote>\n<p data-end=\"1668\" data-is-last-node=\"\" data-is-only-node=\"\" data-start=\"1477\">Entre emo\u00e7\u00e3o, gratid\u00e3o e novas aprendizagens, Ana fecha assim um cap\u00edtulo marcante da sua vida, levando consigo o apoio de quem nunca deixou de estar ao seu lado \u2014 dentro e fora da casa.<\/p>\n<p>                    <script async src=\"\/\/www.instagram.com\/embed.js\"><\/script><\/p>\n","protected":false},"excerpt":{"rendered":"As intensas primeiras horas de Ana Batista, depois de ser expulsa do \u00abSecret Story\u00bb. A \u00faltima gala do&hellip;\n","protected":false},"author":2,"featured_media":191820,"comment_status":"","ping_status":"","sticky":false,"template":"","format":"standard","meta":{"footnotes":""},"categories":[142],"tags":[6340,329,166,3412,3406,3409,801,3410,3411,3407,3408,114,115,3413,338,32,33,1014,1315,151],"class_list":{"0":"post-191819","1":"post","2":"type-post","3":"status-publish","4":"format-standard","5":"has-post-thumbnail","7":"category-tv","8":"tag-ana","9":"tag-claudio-ramos","10":"tag-cristina-ferreira","11":"tag-dois-10","12":"tag-dois-a-s-10-dois-a-s-10","13":"tag-dois-a-s-dez","14":"tag-dois-as-10","15":"tag-dois-as-dez","16":"tag-dois-dez","17":"tag-doisas10","18":"tag-doisasdez","19":"tag-entertainment","20":"tag-entretenimento","21":"tag-manha-tvi","22":"tag-maria-botelho-moniz","23":"tag-portugal","24":"tag-pt","25":"tag-reality-show","26":"tag-secret-story","27":"tag-tv"},"share_on_mastodon":{"url":"https:\/\/pubeurope.com\/@pt\/115734404330892959","error":""},"_links":{"self":[{"href":"https:\/\/www.europesays.com\/pt\/wp-json\/wp\/v2\/posts\/191819","targetHints":{"allow":["GET"]}}],"collection":[{"href":"https:\/\/www.europesays.com\/pt\/wp-json\/wp\/v2\/posts"}],"about":[{"href":"https:\/\/www.europesays.com\/pt\/wp-json\/wp\/v2\/types\/post"}],"author":[{"embeddable":true,"href":"https:\/\/www.europesays.com\/pt\/wp-json\/wp\/v2\/users\/2"}],"replies":[{"embeddable":true,"href":"https:\/\/www.europesays.com\/pt\/wp-json\/wp\/v2\/comments?post=191819"}],"version-history":[{"count":0,"href":"https:\/\/www.europesays.com\/pt\/wp-json\/wp\/v2\/posts\/191819\/revisions"}],"wp:featuredmedia":[{"embeddable":true,"href":"https:\/\/www.europesays.com\/pt\/wp-json\/wp\/v2\/media\/191820"}],"wp:attachment":[{"href":"https:\/\/www.europesays.com\/pt\/wp-json\/wp\/v2\/media?parent=191819"}],"wp:term":[{"taxonomy":"category","embeddable":true,"href":"https:\/\/www.europesays.com\/pt\/wp-json\/wp\/v2\/categories?post=191819"},{"taxonomy":"post_tag","embeddable":true,"href":"https:\/\/www.europesays.com\/pt\/wp-json\/wp\/v2\/tags?post=191819"}],"curies":[{"name":"wp","href":"https:\/\/api.w.org\/{rel}","templated":true}]}}