{"id":191846,"date":"2025-12-17T10:47:21","date_gmt":"2025-12-17T10:47:21","guid":{"rendered":"https:\/\/www.europesays.com\/pt\/191846\/"},"modified":"2025-12-17T10:47:21","modified_gmt":"2025-12-17T10:47:21","slug":"ordem-de-despejo-vania-sa-surpreende-todos-com-as-fotos-mais-originais-da-reta-final-da-gravidez-secret-story","status":"publish","type":"post","link":"https:\/\/www.europesays.com\/pt\/191846\/","title":{"rendered":"\u00abOrdem de despejo\u00bb: V\u00e2nia S\u00e1 surpreende todos com as fotos mais originais da reta final da gravidez &#8211; Secret Story"},"content":{"rendered":"<p style=\"margin-bottom:11px\">Na reta final da gravidez, <strong>V\u00e2nia S\u00e1,<\/strong> de 32 anos, decidiu eternizar o \u2018estado de gra\u00e7a\u2019 com uma sess\u00e3o fotogr\u00e1fica muito original. Ao mesmo tempo, a ex-concorrente e empres\u00e1ria mostrou-se muito ansiosa pelo momento em que vai agarrar a filha pela primeira vez.<\/p>\n<p>\u00ab\u00c9 estranho e bonito pensar que o que hoje vive em mim, em breve vai dormir no meu colo. Faltam poucos dias para te conhecer fora de mim. E j\u00e1 sinto que nunca mais serei s\u00f3 eu\u00bb, declarou.<\/p>\n<blockquote class=\"instagram-media\" data-instgrm-captioned=\"\" data-instgrm-permalink=\"https:\/\/www.instagram.com\/p\/DSQY04OjlE7\/?utm_source=ig_embed&amp;utm_campaign=loading\" data-instgrm-version=\"14\" style=\" background:#FFF; border:0; border-radius:3px; box-shadow:0 0 1px 0 rgba(0,0,0,0.5),0 1px 10px 0 rgba(0,0,0,0.15); margin: 1px; max-width:540px; min-width:326px; padding:0; width:99.375%; width:-webkit-calc(100% - 2px); width:calc(100% - 2px);\">\n<\/blockquote>\n<p>\u00a0<br \/>\nV\u00e2nia S\u00e1 revela sintoma peculiar na reta final da gravidez <\/p>\n<p style=\"margin-bottom:11px\"><b>V\u00e2nia S\u00e1 <\/b>est\u00e1 no terceiro trimestre da gravidez e\u00a0tem feito v\u00e1rias partilhas <strong>sobre esta nova fase da sua vida. <\/strong>Recentemente <strong>desabafou nas redes sociais sobre as dores que tem vindo a sentir<\/strong>. Na manh\u00e3 da passada quinta-feira, dia 13 de novembro, a ex-concorrente publicou nas stories do Instagram, <strong>um v\u00eddeo em que mostra que tem sentido alguma dificuldade em mexer as m\u00e3os.<\/strong><\/p>\n<p>No desabafo partilhado pela empres\u00e1ria pode ler-se: \u00abTem sido horr\u00edvel!! A minha av\u00f3, a minha estrela, sofria de artrite reumat\u00f3ide e queixava-se tantas vezes das dores nas m\u00e3os\u2026 Agora, na gravidez, tenho sentido essas mesmas dores &#8211; uma rigidez que me acorda de noite\u00bb<\/p>\n<p>No final, a ex-concorrente <strong>acabou por lan\u00e7ar uma quest\u00e3o \u00e0s seguidoras<\/strong>: \u00a0\u201cMais algu\u00e9m a\u00ed que o sintoma existiu s\u00f3 na gravidez?\u201d.<\/p>\n<p>Na reta final da gravidez, V\u00e2nia S\u00e1 faz desabafo surpreendente: \u00abNunca tomei tanta coisa na minha vida\u00bb <\/p>\n<p><strong>\u00a0V\u00e2nia S\u00e1 est\u00e1 na reta final da gravidez e <a href=\"https:\/\/tvi.iol.pt\/secretstory\/vania-sa\/gravidez\/vania-sa-mostra-imagens-ineditas-do-rosto-da-filha-que-ainda-nao-nasceu-e-sao-uma-fofura\" rel=\"nofollow noopener\" target=\"_blank\">prestes a conhecer a filha, Leonor<\/a><\/strong>. A empres\u00e1ria tem feito v\u00e1rias partilhas sobre esta fase da sua vida e, agora, mostrou algo que surpreendeu os f\u00e3s.<\/p>\n<p>Nesta ter\u00e7a-feira, 4 de novembro, a <strong>ex-concorrente do Secret Story e do Big Brother decidiu mostrar a medica\u00e7\u00e3o que est\u00e1 a tomar<\/strong>, explicando ainda o prop\u00f3sito de cada uma delas.\u00a0<\/p>\n<p>\u00abJuro que nunca tomei tanta coisa na minha vida\u00bb, come\u00e7ou por dizer.<\/p>\n<p>\u00ab<strong>Ferro. <a href=\"https:\/\/tvi.iol.pt\/secretstory\/vania-sa\/filha\/ainda-nao-nasceu-e-ja-e-um-fenomeno-da-internet-a-bebe-mais-popular-de-portugal\" rel=\"nofollow noopener\" target=\"_blank\">A Leonor levou-me o ferro todo<\/a>, estou com o ferro baix\u00edssimo, magn\u00e9sio porque as c\u00e3ibras s\u00e3o imposs\u00edveis<\/strong>, estou a tomar dois, imaginem. Para a minha azia porque n\u00e3o tinha mas agora j\u00e1 tenho, Nausefe tomo sempre para dormir e Gestacare porque a Leonor exige\u00bb, disse.<\/p>\n<p><strong>Veja aqui uma das partilhas:<\/strong><\/p>\n<p style=\"text-align:center\"><img loading=\"lazy\" decoding=\"async\" alt=\"\" height=\"829\" src=\"https:\/\/www.europesays.com\/pt\/wp-content\/uploads\/2025\/11\/690b33e7d34e2bd5c6d3a59c.webp\" width=\"511\"\/><\/p>\n<p>\u00a0<\/p>\n<p>                        <script async src=\"\/\/www.instagram.com\/embed.js\"><\/script><\/p>\n","protected":false},"excerpt":{"rendered":"Na reta final da gravidez, V\u00e2nia S\u00e1, de 32 anos, decidiu eternizar o \u2018estado de gra\u00e7a\u2019 com uma&hellip;\n","protected":false},"author":2,"featured_media":142387,"comment_status":"","ping_status":"","sticky":false,"template":"","format":"standard","meta":{"footnotes":""},"categories":[142],"tags":[18706,114,115,18705,1041,32,33,151,13319,18704],"class_list":{"0":"post-191846","1":"post","2":"type-post","3":"status-publish","4":"format-standard","5":"has-post-thumbnail","7":"category-tv","8":"tag-bastidores-secret-story","9":"tag-entertainment","10":"tag-entretenimento","11":"tag-entrevistas-concorrentes-tvi","12":"tag-gravidez","13":"tag-portugal","14":"tag-pt","15":"tag-tv","16":"tag-vania-sa","17":"tag-vida-fora-da-casa"},"share_on_mastodon":{"url":"https:\/\/pubeurope.com\/@pt\/115734514886480344","error":""},"_links":{"self":[{"href":"https:\/\/www.europesays.com\/pt\/wp-json\/wp\/v2\/posts\/191846","targetHints":{"allow":["GET"]}}],"collection":[{"href":"https:\/\/www.europesays.com\/pt\/wp-json\/wp\/v2\/posts"}],"about":[{"href":"https:\/\/www.europesays.com\/pt\/wp-json\/wp\/v2\/types\/post"}],"author":[{"embeddable":true,"href":"https:\/\/www.europesays.com\/pt\/wp-json\/wp\/v2\/users\/2"}],"replies":[{"embeddable":true,"href":"https:\/\/www.europesays.com\/pt\/wp-json\/wp\/v2\/comments?post=191846"}],"version-history":[{"count":0,"href":"https:\/\/www.europesays.com\/pt\/wp-json\/wp\/v2\/posts\/191846\/revisions"}],"wp:featuredmedia":[{"embeddable":true,"href":"https:\/\/www.europesays.com\/pt\/wp-json\/wp\/v2\/media\/142387"}],"wp:attachment":[{"href":"https:\/\/www.europesays.com\/pt\/wp-json\/wp\/v2\/media?parent=191846"}],"wp:term":[{"taxonomy":"category","embeddable":true,"href":"https:\/\/www.europesays.com\/pt\/wp-json\/wp\/v2\/categories?post=191846"},{"taxonomy":"post_tag","embeddable":true,"href":"https:\/\/www.europesays.com\/pt\/wp-json\/wp\/v2\/tags?post=191846"}],"curies":[{"name":"wp","href":"https:\/\/api.w.org\/{rel}","templated":true}]}}