{"id":191855,"date":"2025-12-17T10:52:14","date_gmt":"2025-12-17T10:52:14","guid":{"rendered":"https:\/\/www.europesays.com\/pt\/191855\/"},"modified":"2025-12-17T10:52:14","modified_gmt":"2025-12-17T10:52:14","slug":"angelina-jolie-revela-cicatrizes-de-mastectomia-na-time-observador","status":"publish","type":"post","link":"https:\/\/www.europesays.com\/pt\/191855\/","title":{"rendered":"Angelina Jolie revela cicatrizes de mastectomia na Time \u2013 Observador"},"content":{"rendered":"<p>Na capa da primeira edi\u00e7\u00e3o da Time Fran\u00e7a, a atriz Angelina Jolie aparece vestindo uma camisola de malha com um decote que permite ver a m\u00e3o que cobre uma mama. A fotografia tem um objetivo: colocar o foco na mastectomia preventiva que fez em 2013. As fotografias das cicatrizes da interven\u00e7\u00e3o acompanhar\u00e3o a entrevista completa, que chegar\u00e1 \u00e0s bancas esta quinta-feira. \u201cPartilho estas cicatrizes com muitas mulheres que amo e fico sempre emocionada quando vejo outras mulheres a partilharem as suas\u201d, revela no excerto <a href=\"https:\/\/www.timefrance.fr\/sante\/angelina-jolie-en-exclusivite-pour-time-france-la-vie-est-plus-forte-le-courage-se-partage\/\" rel=\"nofollow noopener\" target=\"_blank\">publicado pela revista<\/a>.<\/p>\n<p>Aos 37 anos, depois de ter descoberto ser <strong>portadora de uma altera\u00e7\u00e3o no gene BRCA1<\/strong>, a atriz de Hollywood foi submetida a uma dupla mastectomia preventiva, ou seja, <strong>\u00e0 remo\u00e7\u00e3o das duas mamas<\/strong>. A muta\u00e7\u00e3o do gene BRCA, que <strong>afeta cerca de uma em cada 400 mulheres<\/strong>, <strong>aumenta exponencialmente a probabilidade de se desenvolver um tumor maligno<\/strong> na mama ou nos ov\u00e1rios. De acordo com <a href=\"https:\/\/www.cancer.gov\/about-cancer\/causes-prevention\/genetics\/brca-fact-sheet\" rel=\"nofollow noopener\" target=\"_blank\">dados do Instituto Nacional norte-americano do Cancro<\/a>, se cerca de 2% de todas as mulheres desenvolver\u00e3o cancro dos ov\u00e1rios, entre aquelas com o gene BRCA1, o risco sobe para valores entre os 40 e 60%.<\/p>\n<p>No artigo que <a href=\"https:\/\/www.nytimes.com\/2013\/05\/14\/opinion\/my-medical-choice.html\" rel=\"nofollow noopener\" target=\"_blank\">assinou para o New York Times<\/a> em 2013, com o nome \u201cA Minha Escolha M\u00e9dica\u201d, a m\u00e3e de seis filhos explicava que embora a decis\u00e3o de fazer a cirurgia n\u00e3o tivesse sido f\u00e1cil, estava feliz de a ter tomado: <strong>\u201cPosso dizer aos meus filhos que n\u00e3o precisam de ter medo de me perderem devido ao cancro da mama\u201d<\/strong>.<\/p>\n<p>Mais tarde, em mar\u00e7o de 2015, Jolie <a href=\"https:\/\/www.nytimes.com\/2015\/03\/24\/opinion\/angelina-jolie-pitt-diary-of-a-surgery.html\" rel=\"nofollow noopener\" target=\"_blank\">escreveu um segundo texto<\/a> para o jornal norte-americano. No seu \u201cDi\u00e1rio de Cirurgia\u201d, falou sobre ter tamb\u00e9m removido os ov\u00e1rios. \u201cO que h\u00e1 de belo nestes momentos da vida \u00e9 que h\u00e1 tanta clareza. Sabes para que o vives e o que importa. \u00c9 polarizador e \u00e9 tranquilizante\u201d, l\u00ea-se no artigo. No caso da atriz, havia ainda o\u00a0hist\u00f3rico familiar. <strong>A<\/strong> <strong>m\u00e3e de Jolie morreu de cancro nos ov\u00e1rios aos 56 anos, bem como a av\u00f3 e a tia<\/strong>.<\/p>\n<p>A muta\u00e7\u00e3o do BRCA1 ficou conhecido pelo \u201cgene Jolie\u201d, devido \u00e0 campanha de sensibiliza\u00e7\u00e3o promovida pela atriz e fundadora da Kids in Need of Defense (KIND), da Funda\u00e7\u00e3o Maddox e do Atelier Jolie, que trabalhou por mais de duas d\u00e9cadas para o Alto Comissariado das Na\u00e7\u00f5es Unidas para Refugiados (ACNUR). \u00c0 \u00e9poca das revela\u00e7\u00f5es da atriz, a <a href=\"https:\/\/time.com\/3450368\/the-angelina-effect\/\" rel=\"nofollow noopener\" target=\"_blank\">Time americana<\/a> cunhou o que considerou ser o <strong>\u201cefeito Angelina\u201d<\/strong> no aumento das pesquisas na internet relacionadas com a gen\u00e9tica do cancro da mama e o aconselhamento gen\u00e9tico. Um estudo internacional <a href=\"https:\/\/link.springer.com\/article\/10.1007\/s10549-018-4824-9\" rel=\"nofollow noopener\" target=\"_blank\">publicado em 2018<\/a> concluiu que <strong>o artigo de opini\u00e3o de Jolie no New York Times conduziu a um aumento significativo da ades\u00e3o aos testes gen\u00e9ticos e \u00e0 mastectomia bilateral<\/strong> redutora de risco, entre mulheres norte-americanas.<\/p>\n<p>Na mais recente entrevista da Time Fran\u00e7a, em que fala sobre a sua vida, com os filhos e o compromisso humanit\u00e1rio que assume, o tema da sa\u00fada da mama \u00e9 tamb\u00e9m ele central. \u201cEu quis juntar-me, sabendo que a Time Fran\u00e7a iria partilhar informa\u00e7\u00f5es sobre sa\u00fade mam\u00e1ria, preven\u00e7\u00e3o e conhecimentos sobre o cancro da mama\u201d, explicou a atriz norte-americana <a href=\"https:\/\/www.timefrance.fr\/sante\/angelina-jolie-en-exclusivite-pour-time-france-la-vie-est-plus-forte-le-courage-se-partage\/\" rel=\"nofollow noopener\" target=\"_blank\">\u00e0 publica\u00e7\u00e3o<\/a>.<\/p>\n<p>Considerando que \u201cconhecimento \u00e9 poder\u201d, Jolie aborda as dimens\u00f5es econ\u00f3mica e social de uma doen\u00e7a com diferentes faces para mulheres de diferentes contextos. <strong>\u201cOs testes gen\u00e9ticos e os rastreios devem ser acess\u00edveis e econ\u00f3micos para mulheres com fatores de risco evidentes ou um historial familiar significativo\u201d<\/strong>, defende, explicando que esse proessos permite que as mulheres possam \u201cdeterminar o seu pr\u00f3prio percurso de cuidados de sa\u00fade e ter acesso \u00e0s informa\u00e7\u00f5es necess\u00e1rias para fazer escolhas informadas\u201d.<\/p>\n<p>No <strong>pr\u00f3ximo filme<\/strong> da norte-americana, com data de estreia marcada para o in\u00edcio do pr\u00f3ximo ano em Fran\u00e7a, a atriz <strong>far\u00e1 o papel de uma realizadora de cinema americana confrontada com o diagn\u00f3stico de um cancro de mama<\/strong>. Sobre a pel\u00edcula de Alice Winocour, Couture, Angelina Jolie considera-a uma \u201chist\u00f3ria muito pessoal\u201d. \u201cMuitas vezes, os filmes sobre as lutas das mulheres \u2014 especialmente contra o cancro \u2014 falam sobre finais e tristeza, raramente sobre a vida. A Alice fez um filme sobre a vida, e \u00e9 justamente por isso que os temas sens\u00edveis que aborda s\u00e3o tratados com tanta delicadeza\u201d, explica no <a href=\"https:\/\/www.timefrance.fr\/sante\/angelina-jolie-en-exclusivite-pour-time-france-la-vie-est-plus-forte-le-courage-se-partage\/\" rel=\"nofollow noopener\" target=\"_blank\">excerto dispon\u00edvel da entrevista<\/a>.<\/p>\n<p>\u201cA minha m\u00e3e ficou doente durante anos. Certa noite, quando lhe fizeram perguntas sobre a quimioterapia, ela ficou muito emocionada e disse-me que preferia ter falado sobre outra coisa; ela sentia como se a doen\u00e7a se tivesse tornado toda a sua identidade. Adoro este filme porque conta uma <strong>hist\u00f3ria que vai muito al\u00e9m da jornada de uma pessoa doente: mostra a vida<\/strong>\u201c, explica Jolie.<\/p>\n<p>*Texto editado por C\u00e1tia Andrea Costa<\/p>\n","protected":false},"excerpt":{"rendered":"Na capa da primeira edi\u00e7\u00e3o da Time Fran\u00e7a, a atriz Angelina Jolie aparece vestindo uma camisola de malha&hellip;\n","protected":false},"author":2,"featured_media":191856,"comment_status":"","ping_status":"","sticky":false,"template":"","format":"standard","meta":{"footnotes":""},"categories":[85],"tags":[20808,1207,211,442,114,115,186,1208,32,33],"class_list":{"0":"post-191855","1":"post","2":"type-post","3":"status-publish","4":"format-standard","5":"has-post-thumbnail","7":"category-entretenimento","8":"tag-angelina-jolie","9":"tag-cancro","10":"tag-celebridades","11":"tag-ciu00eancia","12":"tag-entertainment","13":"tag-entretenimento","14":"tag-lifestyle","15":"tag-medicina","16":"tag-portugal","17":"tag-pt"},"share_on_mastodon":{"url":"https:\/\/pubeurope.com\/@pt\/115734534098922671","error":""},"_links":{"self":[{"href":"https:\/\/www.europesays.com\/pt\/wp-json\/wp\/v2\/posts\/191855","targetHints":{"allow":["GET"]}}],"collection":[{"href":"https:\/\/www.europesays.com\/pt\/wp-json\/wp\/v2\/posts"}],"about":[{"href":"https:\/\/www.europesays.com\/pt\/wp-json\/wp\/v2\/types\/post"}],"author":[{"embeddable":true,"href":"https:\/\/www.europesays.com\/pt\/wp-json\/wp\/v2\/users\/2"}],"replies":[{"embeddable":true,"href":"https:\/\/www.europesays.com\/pt\/wp-json\/wp\/v2\/comments?post=191855"}],"version-history":[{"count":0,"href":"https:\/\/www.europesays.com\/pt\/wp-json\/wp\/v2\/posts\/191855\/revisions"}],"wp:featuredmedia":[{"embeddable":true,"href":"https:\/\/www.europesays.com\/pt\/wp-json\/wp\/v2\/media\/191856"}],"wp:attachment":[{"href":"https:\/\/www.europesays.com\/pt\/wp-json\/wp\/v2\/media?parent=191855"}],"wp:term":[{"taxonomy":"category","embeddable":true,"href":"https:\/\/www.europesays.com\/pt\/wp-json\/wp\/v2\/categories?post=191855"},{"taxonomy":"post_tag","embeddable":true,"href":"https:\/\/www.europesays.com\/pt\/wp-json\/wp\/v2\/tags?post=191855"}],"curies":[{"name":"wp","href":"https:\/\/api.w.org\/{rel}","templated":true}]}}