{"id":191857,"date":"2025-12-17T10:56:21","date_gmt":"2025-12-17T10:56:21","guid":{"rendered":"https:\/\/www.europesays.com\/pt\/191857\/"},"modified":"2025-12-17T10:56:21","modified_gmt":"2025-12-17T10:56:21","slug":"disney-volta-a-ter-mensalidades-com-descontos-menos-de-tres-euros-para-quem-tem-cartao-continente","status":"publish","type":"post","link":"https:\/\/www.europesays.com\/pt\/191857\/","title":{"rendered":"Disney+ volta a ter mensalidades com descontos (menos de tr\u00eas euros) para quem tem Cart\u00e3o Continente"},"content":{"rendered":"<p>Tal como tinha acontecido em 2024, o Continente voltou a juntar-se ao Disney+ para oferecer mensalidades mais baixas. Esta promo\u00e7\u00e3o inclui tr\u00eas meses a pre\u00e7os reduzidos e permite ainda a acumula\u00e7\u00e3o de saldo no cart\u00e3o para descontar em compras.<\/p>\n<p>A campanha volta a abranger os tr\u00eas planos dispon\u00edveis da plataforma (\u2018Standard com An\u00fancios\u2019, \u2018Standard\u2019 e \u2018Premium\u2019), embora os benef\u00edcios variem consoante a modalidade escolhida e a altura em que se fa\u00e7a a assinatura.<\/p>\n<p><a href=\"https:\/\/trendy.pt\/2025\/12\/disney-volta-a-ter-mensalidades-com-descontos-menos-de-tres-euros-para-quem-tem-cartao-continente\/\" rel=\"noopener nofollow\" target=\"_blank\"><strong>Leia o artigo completo no TRENDY Report.<\/strong><\/a><\/p>\n","protected":false},"excerpt":{"rendered":"Tal como tinha acontecido em 2024, o Continente voltou a juntar-se ao Disney+ para oferecer mensalidades mais baixas.&hellip;\n","protected":false},"author":2,"featured_media":191858,"comment_status":"","ping_status":"","sticky":false,"template":"","format":"standard","meta":{"footnotes":""},"categories":[84],"tags":[109,107,108,32,33,105,103,104,106,110],"class_list":{"0":"post-191857","1":"post","2":"type-post","3":"status-publish","4":"format-standard","5":"has-post-thumbnail","7":"category-ciencia-e-tecnologia","8":"tag-ciencia","9":"tag-ciencia-e-tecnologia","10":"tag-cienciaetecnologia","11":"tag-portugal","12":"tag-pt","13":"tag-science","14":"tag-science-and-technology","15":"tag-scienceandtechnology","16":"tag-technology","17":"tag-tecnologia"},"share_on_mastodon":{"url":"https:\/\/pubeurope.com\/@pt\/115734549818401418","error":""},"_links":{"self":[{"href":"https:\/\/www.europesays.com\/pt\/wp-json\/wp\/v2\/posts\/191857","targetHints":{"allow":["GET"]}}],"collection":[{"href":"https:\/\/www.europesays.com\/pt\/wp-json\/wp\/v2\/posts"}],"about":[{"href":"https:\/\/www.europesays.com\/pt\/wp-json\/wp\/v2\/types\/post"}],"author":[{"embeddable":true,"href":"https:\/\/www.europesays.com\/pt\/wp-json\/wp\/v2\/users\/2"}],"replies":[{"embeddable":true,"href":"https:\/\/www.europesays.com\/pt\/wp-json\/wp\/v2\/comments?post=191857"}],"version-history":[{"count":0,"href":"https:\/\/www.europesays.com\/pt\/wp-json\/wp\/v2\/posts\/191857\/revisions"}],"wp:featuredmedia":[{"embeddable":true,"href":"https:\/\/www.europesays.com\/pt\/wp-json\/wp\/v2\/media\/191858"}],"wp:attachment":[{"href":"https:\/\/www.europesays.com\/pt\/wp-json\/wp\/v2\/media?parent=191857"}],"wp:term":[{"taxonomy":"category","embeddable":true,"href":"https:\/\/www.europesays.com\/pt\/wp-json\/wp\/v2\/categories?post=191857"},{"taxonomy":"post_tag","embeddable":true,"href":"https:\/\/www.europesays.com\/pt\/wp-json\/wp\/v2\/tags?post=191857"}],"curies":[{"name":"wp","href":"https:\/\/api.w.org\/{rel}","templated":true}]}}