{"id":191861,"date":"2025-12-17T11:01:09","date_gmt":"2025-12-17T11:01:09","guid":{"rendered":"https:\/\/www.europesays.com\/pt\/191861\/"},"modified":"2025-12-17T11:01:09","modified_gmt":"2025-12-17T11:01:09","slug":"buscas-em-marvila-e-olivais-tres-detidos-em-operacao-da-psp-para-apreensao-de-armas","status":"publish","type":"post","link":"https:\/\/www.europesays.com\/pt\/191861\/","title":{"rendered":"Buscas em Marvila e Olivais. Tr\u00eas detidos em opera\u00e7\u00e3o da PSP para apreens\u00e3o de armas"},"content":{"rendered":"<p>                O Comando Metropolitano de Lisboa da PSP desencadeou, ao in\u00edcio da manh\u00e3 desta quarta-feira, uma opera\u00e7\u00e3o de preven\u00e7\u00e3o criminal que passou por dilig\u00eancias de busca nas freguesias dos Olivais e Marvila, em Lisboa. A opera\u00e7\u00e3o da PSP envolveu buscas domicili\u00e1rias em 12 casas.<br \/>&#13;<\/p>\n<p><b>Foram apreendidas quatro ca\u00e7adeiras, uma pistola de 6.35 mil\u00edmetros, 37 cartuchos de calibre 12 e 22 muni\u00e7\u00f5es de calibre 6.35, &#8220;mais armas proibidas&#8221;<\/b>, adiantou aos jornalistas a comiss\u00e1ria da PSP Carina Alves.<\/p>\n<p>          <img decoding=\"async\" itemprop=\"image\" class=\"img-fluid\"   src=\"https:\/\/www.europesays.com\/pt\/wp-content\/uploads\/2025\/12\/b8a6d024e46fb502733485dcab893934_N.jpg\"\/><\/p>\n<p><b>Os suspeitos detidos estavam j\u00e1 a ser investigados pela Pol\u00edcia de Seguran\u00e7a P\u00fablica, &#8220;em virtude de terem utilizado armas de fogo para a pr\u00e1tica de diversos il\u00edcitos criminais&#8221;<\/b>.<\/p>\n<p>&#8220;<b>A opera\u00e7\u00e3o decorre nas freguesias dos Olivais e de Marvila, com buscas domicili\u00e1rias em 12 casas<\/b>. O objetivo desta opera\u00e7\u00e3o \u00e9 a <b>apreens\u00e3o de armas proibidas<\/b> nos termos da Lei n.\u00ba 5\/2006 de 23 de fevereiro&#8221;.<\/p>\n","protected":false},"excerpt":{"rendered":"O Comando Metropolitano de Lisboa da PSP desencadeou, ao in\u00edcio da manh\u00e3 desta quarta-feira, uma opera\u00e7\u00e3o de preven\u00e7\u00e3o&hellip;\n","protected":false},"author":2,"featured_media":191862,"comment_status":"","ping_status":"","sticky":false,"template":"","format":"standard","meta":{"footnotes":""},"categories":[10],"tags":[27,28,6031,38586,15,16,14,25,26,21,22,38588,12,13,19,20,36152,5750,38587,32,1461,23,24,1306,33,17,18,29,30,31],"class_list":{"0":"post-191861","1":"post","2":"type-post","3":"status-publish","4":"format-standard","5":"has-post-thumbnail","7":"category-portugal","8":"tag-breaking-news","9":"tag-breakingnews","10":"tag-buscas","11":"tag-criminal","12":"tag-featured-news","13":"tag-featurednews","14":"tag-headlines","15":"tag-latest-news","16":"tag-latestnews","17":"tag-main-news","18":"tag-mainnews","19":"tag-marvila","20":"tag-news","21":"tag-noticias","22":"tag-noticias-principais","23":"tag-noticiasprincipais","24":"tag-olivais","25":"tag-operacao","26":"tag-policia-de-seguranca-publica","27":"tag-portugal","28":"tag-prevencao","29":"tag-principais-noticias","30":"tag-principaisnoticias","31":"tag-psp","32":"tag-pt","33":"tag-top-stories","34":"tag-topstories","35":"tag-ultimas","36":"tag-ultimas-noticias","37":"tag-ultimasnoticias"},"share_on_mastodon":{"url":"https:\/\/pubeurope.com\/@pt\/115734569836102406","error":""},"_links":{"self":[{"href":"https:\/\/www.europesays.com\/pt\/wp-json\/wp\/v2\/posts\/191861","targetHints":{"allow":["GET"]}}],"collection":[{"href":"https:\/\/www.europesays.com\/pt\/wp-json\/wp\/v2\/posts"}],"about":[{"href":"https:\/\/www.europesays.com\/pt\/wp-json\/wp\/v2\/types\/post"}],"author":[{"embeddable":true,"href":"https:\/\/www.europesays.com\/pt\/wp-json\/wp\/v2\/users\/2"}],"replies":[{"embeddable":true,"href":"https:\/\/www.europesays.com\/pt\/wp-json\/wp\/v2\/comments?post=191861"}],"version-history":[{"count":0,"href":"https:\/\/www.europesays.com\/pt\/wp-json\/wp\/v2\/posts\/191861\/revisions"}],"wp:featuredmedia":[{"embeddable":true,"href":"https:\/\/www.europesays.com\/pt\/wp-json\/wp\/v2\/media\/191862"}],"wp:attachment":[{"href":"https:\/\/www.europesays.com\/pt\/wp-json\/wp\/v2\/media?parent=191861"}],"wp:term":[{"taxonomy":"category","embeddable":true,"href":"https:\/\/www.europesays.com\/pt\/wp-json\/wp\/v2\/categories?post=191861"},{"taxonomy":"post_tag","embeddable":true,"href":"https:\/\/www.europesays.com\/pt\/wp-json\/wp\/v2\/tags?post=191861"}],"curies":[{"name":"wp","href":"https:\/\/api.w.org\/{rel}","templated":true}]}}