{"id":191868,"date":"2025-12-17T11:07:10","date_gmt":"2025-12-17T11:07:10","guid":{"rendered":"https:\/\/www.europesays.com\/pt\/191868\/"},"modified":"2025-12-17T11:07:10","modified_gmt":"2025-12-17T11:07:10","slug":"riize-confirma-show-extra-em-sao-paulo-confira-valores-local-e-venda-dos-ingressos","status":"publish","type":"post","link":"https:\/\/www.europesays.com\/pt\/191868\/","title":{"rendered":"RIIZE confirma show extra em S\u00e3o Paulo: confira valores, local e venda dos ingressos"},"content":{"rendered":"<p>VEM AI! Nesta ter\u00e7a-feira, 16, o Lollapalooza Brasil anunciou um show extra do RIIZE como\u00a0parte dos Sideshows by Flying Fish do t\u00e3o aguardado festival. Marcado para acontecer no dia 19 de mar\u00e7o, no Terra SP, em S\u00e3o Paulo, o grupo de <a href=\"https:\/\/recreio.com.br\/tags\/k-pop\" target=\"_blank\" rel=\"noopener nofollow\">k-pop<\/a> \u00e9 o quarto artista que participar\u00e1 da programa\u00e7\u00e3o paralela ao lado de TV Girl e Interpol, com abertura das bandas Viagra Boys e <strong>Blood Orange.<\/strong><\/p>\n<blockquote class=\"twitter-tweet\">\n<p dir=\"ltr\" lang=\"pt\">O <a href=\"https:\/\/twitter.com\/RIIZE_official?ref_src=twsrc%5Etfw\" rel=\"nofollow noopener\" target=\"_blank\">@RIIZE_official<\/a> vai estrear como no Brasil? Em dose dupla! Foram voc\u00eas que pediram SIM!! \ud83e\udde1<\/p>\n<p>Vem a\u00ed o Lollapalooza Sideshows by Flying Fish, dia 19\/03, no Terra SP. Voc\u00ea pertinho dos seus idols!<\/p>\n<p>Garanta seu lugar: <a href=\"https:\/\/t.co\/MkBPvEaBBz\" rel=\"nofollow\">https:\/\/t.co\/MkBPvEaBBz<\/a> <a href=\"https:\/\/t.co\/mFPbRktixh\" rel=\"nofollow\">pic.twitter.com\/mFPbRktixh<\/a><\/p>\n<p>\u2014 Lollapalooza Brasil (@LollapaloozaBr) <a href=\"https:\/\/twitter.com\/LollapaloozaBr\/status\/2000949529148023109?ref_src=twsrc%5Etfw\" rel=\"nofollow noopener\" target=\"_blank\">December 16, 2025<\/a><\/p>\n<\/blockquote>\n<p>Vale lembrar que os Sideshows by Flying Fish fazem parte da parceria entre o Lollapalooza Brasil e a marca da <a href=\"https:\/\/pt.wikipedia.org\/wiki\/Ambev\" target=\"_blank\" rel=\"noopener nofollow\">Ambev<\/a>, que em 2026 assina tanto os shows paralelos quanto o festival principal \u2014 marcado para acontecer os dias\u00a020, 21 e 22 de mar\u00e7o, no Aut\u00f3dromo de Interlagos, em S\u00e3o Paulo.<\/p>\n<p> Sobre os ingressos <\/p>\n<p>O grupo formado por <strong>Shotaro, Eunseok, Sungchan, Wonbin, Sohee<\/strong> e <strong>Anton,\u00a0<\/strong>far\u00e1 sua apresenta\u00e7\u00e3o \u00e0s 21h30 do dia 19 de mar\u00e7o \u2014 com abertura de port\u00f5es \u00e0s 19h \u2014 e j\u00e1 t\u00eam os ingressos dispon\u00edveis para compra no site oficial da <a href=\"https:\/\/www.ticketmaster.com.br\/event\/riize\" target=\"_blank\" rel=\"noopener nofollow\">TicketMaster<\/a>. Confira os pre\u00e7os:<\/p>\n<ul>\n<li>Entrada Social: R$ 302,50<\/li>\n<li>Meia*: R$ 275,00<\/li>\n<li>Inteira: R$ 550,00<\/li>\n<\/ul>\n<p>Vale ressaltar que os ingressos para todas as apresenta\u00e7\u00f5es do <a href=\"https:\/\/recreio.com.br\/noticias\/entretenimento\/lollapalooza-brasil-2026-qual-e-o-lineup-por-dia-do-festival.phtml\" target=\"_blank\" rel=\"noopener nofollow\">Lollapalooza<\/a> j\u00e1 est\u00e3o dispon\u00edveis, com op\u00e7\u00f5es de meia-entrada, entrada social e venda sem taxa na bilheteria oficial.\u00a0<\/p>\n<p> K-pop no Brasil em 2026 <\/p>\n<p>Al\u00e9m do RIIZE, que se apresentar\u00e1 tanto no Lollapalooza quanto na programa\u00e7\u00e3o paralela do festival, outro grupo de k-pop que estar\u00e1 presente no Aut\u00f3dromo de Interlagos em 2026 \u00e9 o KATSEYE. O grupo formado por <strong>Daniela, Lara, Manon, Megan, Sophia<\/strong> e <strong>Yoonchae\u00a0<\/strong>sobe ao palco do evento pela segunda vez na carreira ap\u00f3s participar da edi\u00e7\u00e3o\u00a0de Chicago, nos Estados Unidos, neste ano.<\/p>\n<p>Outro grupo que estar\u00e1 presente nos palcos de festivais gigantes no Brasil \u00e9 o Stray Kids! Ap\u00f3s menos um pouco mais de um ano da primeira vinda ao pa\u00eds,\u00a0<strong>Bang Chan, Lee Know, Changbin, Hyunjin, Han, Felix, Seungmin <\/strong>e\u00a0<strong>I.N\u00a0<\/strong>retornam com espet\u00e1culo marcado no Rock In Rio.\u00a0<\/p>\n<p>Assim, <a href=\"https:\/\/www.instagram.com\/riize_official\/?hl=en\" target=\"_blank\" rel=\"noopener nofollow\">RIIZE<\/a> e KATSEYE sobem aos palco do festival na capital paulista nos dias 21 e 22 de mar\u00e7o, respectivamente, enquanto o grupo masculino da JYP Entertainment se apresenta no dia 11 de setembro na Cidade Maravilhosa.<\/p>\n<p>\t                                            <script async src=\"https:\/\/platform.twitter.com\/widgets.js\" charset=\"utf-8\"><\/script><script async src=\"\/\/www.instagram.com\/embed.js\"><\/script><\/p>\n","protected":false},"excerpt":{"rendered":"VEM AI! Nesta ter\u00e7a-feira, 16, o Lollapalooza Brasil anunciou um show extra do RIIZE como\u00a0parte dos Sideshows by&hellip;\n","protected":false},"author":2,"featured_media":191869,"comment_status":"","ping_status":"","sticky":false,"template":"","format":"standard","meta":{"footnotes":""},"categories":[141],"tags":[114,115,1688,8005,6378,12305,149,150,32,33,19391,15054],"class_list":{"0":"post-191868","1":"post","2":"type-post","3":"status-publish","4":"format-standard","5":"has-post-thumbnail","7":"category-musica","8":"tag-entertainment","9":"tag-entretenimento","10":"tag-k-pop","11":"tag-katseye","12":"tag-lollapalooza","13":"tag-lollapalooza-brasil","14":"tag-music","15":"tag-musica","16":"tag-portugal","17":"tag-pt","18":"tag-riize","19":"tag-stray-kids"},"share_on_mastodon":{"url":"https:\/\/pubeurope.com\/@pt\/115734593417807295","error":""},"_links":{"self":[{"href":"https:\/\/www.europesays.com\/pt\/wp-json\/wp\/v2\/posts\/191868","targetHints":{"allow":["GET"]}}],"collection":[{"href":"https:\/\/www.europesays.com\/pt\/wp-json\/wp\/v2\/posts"}],"about":[{"href":"https:\/\/www.europesays.com\/pt\/wp-json\/wp\/v2\/types\/post"}],"author":[{"embeddable":true,"href":"https:\/\/www.europesays.com\/pt\/wp-json\/wp\/v2\/users\/2"}],"replies":[{"embeddable":true,"href":"https:\/\/www.europesays.com\/pt\/wp-json\/wp\/v2\/comments?post=191868"}],"version-history":[{"count":0,"href":"https:\/\/www.europesays.com\/pt\/wp-json\/wp\/v2\/posts\/191868\/revisions"}],"wp:featuredmedia":[{"embeddable":true,"href":"https:\/\/www.europesays.com\/pt\/wp-json\/wp\/v2\/media\/191869"}],"wp:attachment":[{"href":"https:\/\/www.europesays.com\/pt\/wp-json\/wp\/v2\/media?parent=191868"}],"wp:term":[{"taxonomy":"category","embeddable":true,"href":"https:\/\/www.europesays.com\/pt\/wp-json\/wp\/v2\/categories?post=191868"},{"taxonomy":"post_tag","embeddable":true,"href":"https:\/\/www.europesays.com\/pt\/wp-json\/wp\/v2\/tags?post=191868"}],"curies":[{"name":"wp","href":"https:\/\/api.w.org\/{rel}","templated":true}]}}