{"id":191878,"date":"2025-12-17T11:13:14","date_gmt":"2025-12-17T11:13:14","guid":{"rendered":"https:\/\/www.europesays.com\/pt\/191878\/"},"modified":"2025-12-17T11:13:14","modified_gmt":"2025-12-17T11:13:14","slug":"legacy-of-atlantis-e-catalyst-e-elogiada-por-desenvolvedores","status":"publish","type":"post","link":"https:\/\/www.europesays.com\/pt\/191878\/","title":{"rendered":"Legacy of Atlantis e Catalyst \u00e9 elogiada por desenvolvedores"},"content":{"rendered":"<p>Alix Wilton Regan (The Outer Worlds 2), confirmada como a nova atriz de voz para Lara Croft na futura fase da personagem em jogos \u2014 incluindo os rec\u00e9m-anunciados <a href=\"https:\/\/br.ign.com\/tomb-raider-legacy-of-atlantis-1\" rel=\"nofollow noopener\" target=\"_blank\">Tomb Raider: Legacy of Atlantis<\/a> e <a href=\"https:\/\/br.ign.com\/tomb-raider-catalyst\" rel=\"nofollow noopener\" target=\"_blank\">Tomb Raider: Catalyst<\/a> \u2014, foi bastante elogiada pelos desenvolvedores Scot Amos e Will Kerslake em sess\u00e3o de perguntas e respostas com a imprensa ap\u00f3s o an\u00fancio feito no <a href=\"https:\/\/br.ign.com\/the-game-awards\/149204\/news\/the-game-awards-2025-novo-star-wars-tomb-raider-divinity-e-todos-os-anuncios-da-premiacao\" rel=\"nofollow noopener\" target=\"_blank\">The Game Awards 2025.<\/a><\/p>\n<p>Substituindo Camila Luddington (Grey&#8217;s Anatomy), que interpretou a arque\u00f3loga brit\u00e2nica na trilogia Survivor, Regan estrear\u00e1 em 2026, quando Legacy of Atlantis chegar \u00e0s plataformas. Catalyst, entretanto, est\u00e1 planejado para ser lan\u00e7ado em algum momento de 2027.<\/p>\n<p>&#8220;Alix \u00e9 simplesmente fant\u00e1stica desde o primeiro momento que a conhecemos, desde a primeira chamada de elenco. Ela ama essa personagem, j\u00e1 era uma f\u00e3 quando a conhecemos&#8221;, disse Amos, chefe da desenvolvedora Crystal Dynamics.<\/p>\n<p>&#8220;Ela tem a intelig\u00eancia, o charme e o carisma que s\u00e3o uma ess\u00eancia natural para Lara&#8221;, continuou o desenvolvedor, opinando que Regan \u00e9 &#8220;fant\u00e1stica&#8221; para trabalhar junto. Antes de embarcar na jornada para viver a arque\u00f3loga, Regan deixou sua marca em franquias como Dragon Age, The Elder Scrolls e Assassin&#8217;s Creed.<\/p>\n<p>Acrescentando aos coment\u00e1rios de Amos, Kerslake disse que Regan &#8220;entendeu&#8221; a personagem imediatamente. &#8220;Desde o come\u00e7o, ela compreendeu o que est\u00e1vamos tentando fazer e trouxe toda a confian\u00e7a da personagem, mas tamb\u00e9m continuou pressionando a profundidade emocional que precisamos para narrativas modernas&#8221;, revelou um dos principais diretores de jogo do est\u00fadio.<\/p>\n<p>Em Legacy of Atlantis, Regan interpreta uma reimagina\u00e7\u00e3o da Lara do jogo de estreia, lan\u00e7ado em 1996. J\u00e1 em Catalyst, a hist\u00f3ria foca em uma Lara mais madura e experiente logo ap\u00f3s os acontecimentos de Tomb Raider: Underworld (2008); embora uma continua\u00e7\u00e3o direta, tanto Amos quanto Kerslake disseram que novos jogadores n\u00e3o precisam saber a hist\u00f3ria da saga para compreender o que acontecer\u00e1 em Catalyst.<\/p>\n<p>Inscreva-se no canal do<strong> IGN Brasil<\/strong> no <a href=\"https:\/\/www.youtube.com\/c\/ignbrasil\" rel=\"noopener nofollow\" target=\"_blank\">YouTube<\/a> e visite as nossas p\u00e1ginas no <a href=\"https:\/\/www.facebook.com\/ignbrasil\/\" rel=\"noopener nofollow\" target=\"_blank\">Facebook<\/a>, <a href=\"https:\/\/twitter.com\/IGNBrasil\" rel=\"noopener nofollow\" target=\"_blank\">Twitter<\/a>, <a href=\"https:\/\/www.instagram.com\/ignbrasil\/\" rel=\"noopener nofollow\" target=\"_blank\">Instagram<\/a> e <a href=\"https:\/\/www.twitch.tv\/ignbrasil\" rel=\"noopener nofollow\" target=\"_blank\">Twitch<\/a>! | Siga Maria Eduarda Cury no <a href=\"https:\/\/www.instagram.com\/duda.cury\/\" rel=\"noopener nofollow\" target=\"_blank\">Instagram<\/a>, <a href=\"https:\/\/x.com\/_dudacury\" rel=\"noopener nofollow\" target=\"_blank\">X<\/a> e <a href=\"https:\/\/bsky.app\/profile\/dudacury.bsky.social\" rel=\"noopener nofollow\" target=\"_blank\">Bluesky.<\/a> <\/p>\n<p>                <script async src=\"https:\/\/platform.twitter.com\/widgets.js\" charset=\"utf-8\"><\/script><script async src=\"\/\/www.instagram.com\/embed.js\"><\/script><\/p>\n","protected":false},"excerpt":{"rendered":"Alix Wilton Regan (The Outer Worlds 2), confirmada como a nova atriz de voz para Lara Croft na&hellip;\n","protected":false},"author":2,"featured_media":191879,"comment_status":"","ping_status":"","sticky":false,"template":"","format":"standard","meta":{"footnotes":""},"categories":[84],"tags":[109,107,108,32,33,105,103,104,106,110],"class_list":{"0":"post-191878","1":"post","2":"type-post","3":"status-publish","4":"format-standard","5":"has-post-thumbnail","7":"category-ciencia-e-tecnologia","8":"tag-ciencia","9":"tag-ciencia-e-tecnologia","10":"tag-cienciaetecnologia","11":"tag-portugal","12":"tag-pt","13":"tag-science","14":"tag-science-and-technology","15":"tag-scienceandtechnology","16":"tag-technology","17":"tag-tecnologia"},"share_on_mastodon":{"url":"https:\/\/pubeurope.com\/@pt\/115734616863264980","error":""},"_links":{"self":[{"href":"https:\/\/www.europesays.com\/pt\/wp-json\/wp\/v2\/posts\/191878","targetHints":{"allow":["GET"]}}],"collection":[{"href":"https:\/\/www.europesays.com\/pt\/wp-json\/wp\/v2\/posts"}],"about":[{"href":"https:\/\/www.europesays.com\/pt\/wp-json\/wp\/v2\/types\/post"}],"author":[{"embeddable":true,"href":"https:\/\/www.europesays.com\/pt\/wp-json\/wp\/v2\/users\/2"}],"replies":[{"embeddable":true,"href":"https:\/\/www.europesays.com\/pt\/wp-json\/wp\/v2\/comments?post=191878"}],"version-history":[{"count":0,"href":"https:\/\/www.europesays.com\/pt\/wp-json\/wp\/v2\/posts\/191878\/revisions"}],"wp:featuredmedia":[{"embeddable":true,"href":"https:\/\/www.europesays.com\/pt\/wp-json\/wp\/v2\/media\/191879"}],"wp:attachment":[{"href":"https:\/\/www.europesays.com\/pt\/wp-json\/wp\/v2\/media?parent=191878"}],"wp:term":[{"taxonomy":"category","embeddable":true,"href":"https:\/\/www.europesays.com\/pt\/wp-json\/wp\/v2\/categories?post=191878"},{"taxonomy":"post_tag","embeddable":true,"href":"https:\/\/www.europesays.com\/pt\/wp-json\/wp\/v2\/tags?post=191878"}],"curies":[{"name":"wp","href":"https:\/\/api.w.org\/{rel}","templated":true}]}}