{"id":191881,"date":"2025-12-17T11:16:11","date_gmt":"2025-12-17T11:16:11","guid":{"rendered":"https:\/\/www.europesays.com\/pt\/191881\/"},"modified":"2025-12-17T11:16:11","modified_gmt":"2025-12-17T11:16:11","slug":"marcelo-prescinde-de-pensao-e-remete-para-sucessor-decisao-sobre-gabinete-presidenciais-2026","status":"publish","type":"post","link":"https:\/\/www.europesays.com\/pt\/191881\/","title":{"rendered":"Marcelo prescinde de pens\u00e3o e remete para sucessor decis\u00e3o sobre gabinete | Presidenciais 2026"},"content":{"rendered":"<p>O Presidente da Rep\u00fablica, <a href=\"https:\/\/www.publico.pt\/2025\/12\/16\/politica\/noticia\/marcelo-deixa-belem-nota-positiva-ultrapassa-avaliacao-cavaco-silva-2015-2158289\" target=\"_blank\" rel=\"nofollow noopener\">Marcelo Rebelo de Sousa<\/a>, anunciou nesta ter\u00e7a-feira que vai prescindir da pens\u00e3o a que tem direito pelo exerc\u00edcio do cargo e remeteu para o seu sucessor a decis\u00e3o sobre o seu eventual gabinete.<\/p>\n<p>O chefe de Estado, que respondia a perguntas dos jornalistas na Funda\u00e7\u00e3o Calouste Gulbenkian, em Lisboa, anunciou tamb\u00e9m que ir\u00e1 convidar o pr\u00f3ximo ou pr\u00f3xima Presidente da Rep\u00fablica para ir almo\u00e7ar ao Pal\u00e1cio de Bel\u00e9m logo no dia seguinte \u00e0 elei\u00e7\u00e3o, \u201cpara lhe passar a pasta\u201d.<\/p>\n<p>Sobre se tenciona prescindir da pens\u00e3o a que tem direito quando cessar fun\u00e7\u00f5es, Marcelo Rebelo de Sousa respondeu: \u201cEu vou prescindir, de facto, da pens\u00e3o correspondente ao exerc\u00edcio da fun\u00e7\u00e3o presidencial. Portanto, ficarei com a pens\u00e3o correspondente \u00e0s fun\u00e7\u00f5es que exerci antes de ser Presidente da Rep\u00fablica.\u201d<\/p>\n<p>Quanto ao seu eventual <a href=\"https:\/\/www.publico.pt\/2025\/12\/12\/politica\/noticia\/marcelo-rebelo-sousa-fica-gabinete-expresidente-republica-2157739\" target=\"_blank\" rel=\"nofollow noopener\">gabinete como ex-Presidente<\/a>, considerou que n\u00e3o deve ser o pr\u00f3prio a tratar dessa mat\u00e9ria estando ainda em fun\u00e7\u00f5es, e que \u201c\u00e9 uma mat\u00e9ria que depende do futuro Presidente da Rep\u00fablica\u201d.<\/p>\n<p>\u201cQuem for eleito decidir\u00e1 se sim ou n\u00e3o, onde, de que maneira, em que condi\u00e7\u00f5es proporcionar um s\u00edtio onde, eventualmente, possa o antigo Presidente, como acontece com outros antigos presidentes, receber correspond\u00eancia e estabelecer um relacionamento para o futuro em termos da sua actividade no dia-a-dia\u201d, declarou.<\/p>\n<p>\u201cMas essa \u00e9 uma decis\u00e3o do futuro Presidente da Rep\u00fablica, n\u00e3o \u00e9 minha. A minha decis\u00e3o ser\u00e1, sim, no <a href=\"https:\/\/www.publico.pt\/2025\/12\/15\/politica\/noticia\/disputa-cinco-ventura-lidera-marques-mendes-ganha-2-volta-2158186\" target=\"_blank\" rel=\"nofollow noopener\">dia seguinte \u00e0 elei\u00e7\u00e3o<\/a> do meu sucessor, na pr\u00f3pria noite, convid\u00e1-lo, qualquer que ele seja, para ir almo\u00e7ar comigo no dia seguinte a Bel\u00e9m, para lhe passar a pasta da transi\u00e7\u00e3o e para, se for caso disso, explicar o que for necess\u00e1rio no plano interno, no plano internacional\u201d, acrescentou.<\/p>\n","protected":false},"excerpt":{"rendered":"O Presidente da Rep\u00fablica, Marcelo Rebelo de Sousa, anunciou nesta ter\u00e7a-feira que vai prescindir da pens\u00e3o a que&hellip;\n","protected":false},"author":2,"featured_media":191882,"comment_status":"","ping_status":"","sticky":false,"template":"","format":"standard","meta":{"footnotes":""},"categories":[10],"tags":[27,28,1705,15,16,14,25,26,21,22,588,12,13,19,20,542,52,32,14937,1076,1963,23,24,33,17,18,29,30,31],"class_list":{"0":"post-191881","1":"post","2":"type-post","3":"status-publish","4":"format-standard","5":"has-post-thumbnail","7":"category-portugal","8":"tag-breaking-news","9":"tag-breakingnews","10":"tag-eleicoes-presidenciais","11":"tag-featured-news","12":"tag-featurednews","13":"tag-headlines","14":"tag-latest-news","15":"tag-latestnews","16":"tag-main-news","17":"tag-mainnews","18":"tag-marcelo-rebelo-de-sousa","19":"tag-news","20":"tag-noticias","21":"tag-noticias-principais","22":"tag-noticiasprincipais","23":"tag-para-redes","24":"tag-politica","25":"tag-portugal","26":"tag-presidencia-da-republica","27":"tag-presidenciais-2026","28":"tag-presidente-da-republica","29":"tag-principais-noticias","30":"tag-principaisnoticias","31":"tag-pt","32":"tag-top-stories","33":"tag-topstories","34":"tag-ultimas","35":"tag-ultimas-noticias","36":"tag-ultimasnoticias"},"share_on_mastodon":{"url":"","error":"Validation failed: Text character limit of 500 exceeded"},"_links":{"self":[{"href":"https:\/\/www.europesays.com\/pt\/wp-json\/wp\/v2\/posts\/191881","targetHints":{"allow":["GET"]}}],"collection":[{"href":"https:\/\/www.europesays.com\/pt\/wp-json\/wp\/v2\/posts"}],"about":[{"href":"https:\/\/www.europesays.com\/pt\/wp-json\/wp\/v2\/types\/post"}],"author":[{"embeddable":true,"href":"https:\/\/www.europesays.com\/pt\/wp-json\/wp\/v2\/users\/2"}],"replies":[{"embeddable":true,"href":"https:\/\/www.europesays.com\/pt\/wp-json\/wp\/v2\/comments?post=191881"}],"version-history":[{"count":0,"href":"https:\/\/www.europesays.com\/pt\/wp-json\/wp\/v2\/posts\/191881\/revisions"}],"wp:featuredmedia":[{"embeddable":true,"href":"https:\/\/www.europesays.com\/pt\/wp-json\/wp\/v2\/media\/191882"}],"wp:attachment":[{"href":"https:\/\/www.europesays.com\/pt\/wp-json\/wp\/v2\/media?parent=191881"}],"wp:term":[{"taxonomy":"category","embeddable":true,"href":"https:\/\/www.europesays.com\/pt\/wp-json\/wp\/v2\/categories?post=191881"},{"taxonomy":"post_tag","embeddable":true,"href":"https:\/\/www.europesays.com\/pt\/wp-json\/wp\/v2\/tags?post=191881"}],"curies":[{"name":"wp","href":"https:\/\/api.w.org\/{rel}","templated":true}]}}