{"id":191903,"date":"2025-12-17T11:32:36","date_gmt":"2025-12-17T11:32:36","guid":{"rendered":"https:\/\/www.europesays.com\/pt\/191903\/"},"modified":"2025-12-17T11:32:36","modified_gmt":"2025-12-17T11:32:36","slug":"explosao-em-franca-mata-duas-criancas-filhas-de-pai-portugues","status":"publish","type":"post","link":"https:\/\/www.europesays.com\/pt\/191903\/","title":{"rendered":"Explos\u00e3o em Fran\u00e7a mata duas crian\u00e7as filhas de pai portugu\u00eas"},"content":{"rendered":"<p>\n  De&amp;nbsp<b>Euronews<\/b>\n<\/p>\n<p>\n                    Publicado a                 16\/12\/2025 &#8211; 11:40 GMT+1<br \/>\n                \u2022\u00daltimas not\u00edcias<br \/>\n                                     14:14\n                                        <\/p>\n<p>Uma explos\u00e3o num bloco de apartamentos de quatro andares em Tr\u00e9voux (Ain) matou duas crian\u00e7as de 3 e 5 anos na segunda-feira, 15 de dezembro, e feriu 13 pessoas. <\/p>\n<p>O pai das crian\u00e7as ser\u00e1 portugu\u00eas e a m\u00e3e tem nacionalidade francesa, referiu a ag\u00eancia Lusa.<\/p>\n<p>O Governo portugu\u00eas confirmou, entretanto, a morte das crian\u00e7as lusodescendentes. O pai \u00e9 origin\u00e1rio de Cavez, no concelho de Cabeceiras de Basto.<\/p>\n<p>Tamb\u00e9m o presidente da Rep\u00fablica deixou uma nota no<a href=\"https:\/\/www.presidencia.pt\/atualidade\/toda-a-atualidade\/2025\/12\/presidente-da-republica-lamenta-morte-de-duas-criancas-em-acidente-em-franca\/\" target=\"_blank\" rel=\"noreferrer nofollow noopener\"> site da Presid\u00eancia,<\/a> deixando condol\u00eancias \u00e0 fam\u00edli das v\u00edtimas. <\/p>\n<p>Cerca de 30 pessoas foram atendidas pelos servi\u00e7os de emerg\u00eancia, a maior parte delas em estado de choque.<\/p>\n<p>A causa da explos\u00e3o, que ocorreu por volta das 17h30 no r\u00e9s do ch\u00e3o do edif\u00edcio, \u00e9 ainda desconhecida. Pensa-se que tenha sido causada por g\u00e1s, segundo declara\u00e7\u00f5es do presidente da C\u00e2mara, Marc P\u00e9choux, \u00e0 BFMTV. &#8220;Saberemos as circunst\u00e2ncias exactas nos pr\u00f3ximos dias, \u00e0 medida que as investiga\u00e7\u00f5es prosseguirem&#8221;, acrescentou.<\/p>\n<p>As opera\u00e7\u00f5es de salvamento, que foram interrompidas \u00e0s 23h30, foram retomadas esta ter\u00e7a-feira de manh\u00e3 para continuar a procura de v\u00edtimas entre os escombros e garantir que ningu\u00e9m fica preso. No total, 50 bombeiros, 36 m\u00e1quinas e assist\u00eancia m\u00e9dica foram mobilizados durante a noite. Pelo menos 45 agentes da pol\u00edcia estiveram tamb\u00e9m no local para delimitar as zonas e determinar as causas do inc\u00eandio, segundo Le Progr\u00e8s.<\/p>\n<p>Chantal Mauchet, presidente da comuna francesa de Ain, disse que o pr\u00e9dio n\u00e3o desmoronou, mas houve &#8220;muitos danos e respingos de materiais&#8221;, o que &#8220;enfraqueceu a estrutura&#8221;.<\/p>\n<p>Cerca de 70 pessoas viviam no edif\u00edcio em Tr\u00e9voux, uma cidade com uma popula\u00e7\u00e3o de quase 7.000 habitantes situada a cerca de quarenta quil\u00f3metros a norte de Lyon. As pessoas foram retiradas e levadas para um gin\u00e1sio. &#8220;Foi-lhes prestado apoio psicol\u00f3gico&#8221;, declarou a autarquia. <\/p>\n<p>Duas escolas afetadas<\/p>\n<p>A explos\u00e3o, que foi ouvida a v\u00e1rios quil\u00f3metros de dist\u00e2ncia, estilha\u00e7ou as janelas de duas escolas pr\u00f3ximas, mas ningu\u00e9m ficou ferido, informou a autarquia. Ser\u00e1 igualmente prestado apoio psicol\u00f3gico aos alunos e ao pessoal das escolas, acrescentou.<\/p>\n<p>&#8220;Apresento as minhas sinceras condol\u00eancias \u00e0s fam\u00edlias das jovens v\u00edtimas. Os meus pensamentos est\u00e3o tamb\u00e9m com os feridos&#8221;, escreveu o ministro do Interior Laurent Nu\u00f1ez. <\/p>\n<p>O presidente da Rep\u00fablica visitar\u00e1 o local na ter\u00e7a-feira, antes de se juntar ao presidente franc\u00eas Emmanuel Macron em Marselha para uma visita dedicada \u00e0 luta contra o tr\u00e1fico de droga e ao plano de moderniza\u00e7\u00e3o da cidade.<\/p>\n<p>&#8220;O presidente da comuna de Ain e todos os conselheiros departamentais gostariam de expressar a sua profunda emo\u00e7\u00e3o e enviar as suas mais sinceras condol\u00eancias \u00e0s fam\u00edlias e entes queridos das v\u00edtimas&#8221;, escreveu o departamento num <a href=\"https:\/\/www.ain.fr\/communique-explosion-trevoux\/\" target=\"_blank\" rel=\"noreferrer nofollow noopener\">comunicado<\/a>.<\/p>\n<p>&#8220;Gostariam tamb\u00e9m de expressar o seu total apoio e gratid\u00e3o a todos os servi\u00e7os que foram totalmente mobilizados para fazer face a esta trag\u00e9dia.<\/p>\n","protected":false},"excerpt":{"rendered":"De&amp;nbspEuronews Publicado a 16\/12\/2025 &#8211; 11:40 GMT+1 \u2022\u00daltimas not\u00edcias 14:14 Uma explos\u00e3o num bloco de apartamentos de quatro&hellip;\n","protected":false},"author":2,"featured_media":191904,"comment_status":"","ping_status":"","sticky":false,"template":"","format":"standard","meta":{"footnotes":""},"categories":[8],"tags":[38589,27,28,10922,15,16,208,14,25,26,21,22,12,13,19,20,32,23,24,33,17,18,29,30,31],"class_list":{"0":"post-191903","1":"post","2":"type-post","3":"status-publish","4":"format-standard","5":"has-post-thumbnail","7":"category-principais-noticias","8":"tag-acidente-gas","9":"tag-breaking-news","10":"tag-breakingnews","11":"tag-explosao","12":"tag-featured-news","13":"tag-featurednews","14":"tag-franca","15":"tag-headlines","16":"tag-latest-news","17":"tag-latestnews","18":"tag-main-news","19":"tag-mainnews","20":"tag-news","21":"tag-noticias","22":"tag-noticias-principais","23":"tag-noticiasprincipais","24":"tag-portugal","25":"tag-principais-noticias","26":"tag-principaisnoticias","27":"tag-pt","28":"tag-top-stories","29":"tag-topstories","30":"tag-ultimas","31":"tag-ultimas-noticias","32":"tag-ultimasnoticias"},"share_on_mastodon":{"url":"https:\/\/pubeurope.com\/@pt\/115734691565707743","error":""},"_links":{"self":[{"href":"https:\/\/www.europesays.com\/pt\/wp-json\/wp\/v2\/posts\/191903","targetHints":{"allow":["GET"]}}],"collection":[{"href":"https:\/\/www.europesays.com\/pt\/wp-json\/wp\/v2\/posts"}],"about":[{"href":"https:\/\/www.europesays.com\/pt\/wp-json\/wp\/v2\/types\/post"}],"author":[{"embeddable":true,"href":"https:\/\/www.europesays.com\/pt\/wp-json\/wp\/v2\/users\/2"}],"replies":[{"embeddable":true,"href":"https:\/\/www.europesays.com\/pt\/wp-json\/wp\/v2\/comments?post=191903"}],"version-history":[{"count":0,"href":"https:\/\/www.europesays.com\/pt\/wp-json\/wp\/v2\/posts\/191903\/revisions"}],"wp:featuredmedia":[{"embeddable":true,"href":"https:\/\/www.europesays.com\/pt\/wp-json\/wp\/v2\/media\/191904"}],"wp:attachment":[{"href":"https:\/\/www.europesays.com\/pt\/wp-json\/wp\/v2\/media?parent=191903"}],"wp:term":[{"taxonomy":"category","embeddable":true,"href":"https:\/\/www.europesays.com\/pt\/wp-json\/wp\/v2\/categories?post=191903"},{"taxonomy":"post_tag","embeddable":true,"href":"https:\/\/www.europesays.com\/pt\/wp-json\/wp\/v2\/tags?post=191903"}],"curies":[{"name":"wp","href":"https:\/\/api.w.org\/{rel}","templated":true}]}}