{"id":191919,"date":"2025-12-17T11:51:22","date_gmt":"2025-12-17T11:51:22","guid":{"rendered":"https:\/\/www.europesays.com\/pt\/191919\/"},"modified":"2025-12-17T11:51:22","modified_gmt":"2025-12-17T11:51:22","slug":"mau-tempo-aviso-laranja-em-seis-distritos-ate-sabado-observador","status":"publish","type":"post","link":"https:\/\/www.europesays.com\/pt\/191919\/","title":{"rendered":"Mau tempo. Aviso laranja em seis distritos at\u00e9 s\u00e1bado \u2013 Observador"},"content":{"rendered":"<p>O Instituto Portugu\u00eas do Mar e da Atmosfera (IPMA) estendeu hoje o aviso laranja emitido para seis distritos do norte e centro de Portugal continental devido \u00e0 previs\u00e3o de agita\u00e7\u00e3o mar\u00edtima forte at\u00e9 s\u00e1bado.<\/p>\n<p>O IPMA tinha emitido anteriormente aviso laranja at\u00e9 quinta-feira.<\/p>\n<p>Num novo comunicado, o Instituto indica que os distritos do Porto, Viana do Castelo, Braga, Leiria, Aveiro e Coimbra v\u00e3o estar sob <strong>aviso laranja at\u00e9 \u00e0s 03h00 de s\u00e1bado<\/strong>, prevendo-se ondas de noroeste com 5 a 5,5 metros, com altura m\u00e1xima de 10 metros.<\/p>\n<p>Tamb\u00e9m por causa do estado do mar, o IPMA colocou sob <strong>aviso amarelo<\/strong> os distritos de Faro, Set\u00fabal, Lisboa e Beja at\u00e9 \u00e0s 07h00 de s\u00e1bado.<\/p>\n<p>Devido \u00e0 agita\u00e7\u00e3o mar\u00edtima, as barras mar\u00edtimas de Caminha, Vila Praia de \u00c2ncora Esposende, P\u00f3voa de Varzim, Vila do Conde, Douro, Figueira da Foz, Nazar\u00e9 e Cascais est\u00e3o hoje fechadas a toda a navega\u00e7\u00e3o, segundo informa\u00e7\u00e3o dispon\u00edvel no site da Autoridade Mar\u00edtima Nacional.<\/p>\n<p>As barras de Aveiro e Viana do Castelo est\u00e3o fechadas a embarca\u00e7\u00f5es com comprimento inferior a 15 e 12 metros, respetivamente.<\/p>\n<p>O IPMA emitiu ainda aviso amarelo para os distritos do Porto, Viana do Castelo e Braga por causa da chuva por vezes forte entre as 17h00 e as 21h00 de sexta-feira<\/p>\n<p>O Instituto colocou tamb\u00e9m as costa norte da ilha da Madeira e o Porto Santo sob aviso amarelo entre as 15h00 de sexta-feira e as 07h00 de s\u00e1bado devido \u00e0 previs\u00e3o de agita\u00e7\u00e3o mar\u00edtima, prevendo-se ondas de noroeste com 4 a 4,5 metros.<\/p>\n<p>O aviso laranja \u00e9 emitido pelo IPMA sempre que existe \u201csitua\u00e7\u00e3o meteorol\u00f3gica de risco moderado a elevado, e o amarelo quando h\u00e1 uma situa\u00e7\u00e3o de risco para determinadas atividades dependentes da situa\u00e7\u00e3o meteorol\u00f3gica.<\/p>\n","protected":false},"excerpt":{"rendered":"O Instituto Portugu\u00eas do Mar e da Atmosfera (IPMA) estendeu hoje o aviso laranja emitido para seis distritos&hellip;\n","protected":false},"author":2,"featured_media":191920,"comment_status":"","ping_status":"","sticky":false,"template":"","format":"standard","meta":{"footnotes":""},"categories":[10],"tags":[27,28,442,15,16,14,350,25,26,21,22,606,12,13,19,20,57,32,23,24,33,58,17,18,29,30,31],"class_list":{"0":"post-191919","1":"post","2":"type-post","3":"status-publish","4":"format-standard","5":"has-post-thumbnail","7":"category-portugal","8":"tag-breaking-news","9":"tag-breakingnews","10":"tag-ciu00eancia","11":"tag-featured-news","12":"tag-featurednews","13":"tag-headlines","14":"tag-ipma","15":"tag-latest-news","16":"tag-latestnews","17":"tag-main-news","18":"tag-mainnews","19":"tag-meteorologia","20":"tag-news","21":"tag-noticias","22":"tag-noticias-principais","23":"tag-noticiasprincipais","24":"tag-pau00eds","25":"tag-portugal","26":"tag-principais-noticias","27":"tag-principaisnoticias","28":"tag-pt","29":"tag-sociedade","30":"tag-top-stories","31":"tag-topstories","32":"tag-ultimas","33":"tag-ultimas-noticias","34":"tag-ultimasnoticias"},"share_on_mastodon":{"url":"https:\/\/pubeurope.com\/@pt\/115734766084493209","error":""},"_links":{"self":[{"href":"https:\/\/www.europesays.com\/pt\/wp-json\/wp\/v2\/posts\/191919","targetHints":{"allow":["GET"]}}],"collection":[{"href":"https:\/\/www.europesays.com\/pt\/wp-json\/wp\/v2\/posts"}],"about":[{"href":"https:\/\/www.europesays.com\/pt\/wp-json\/wp\/v2\/types\/post"}],"author":[{"embeddable":true,"href":"https:\/\/www.europesays.com\/pt\/wp-json\/wp\/v2\/users\/2"}],"replies":[{"embeddable":true,"href":"https:\/\/www.europesays.com\/pt\/wp-json\/wp\/v2\/comments?post=191919"}],"version-history":[{"count":0,"href":"https:\/\/www.europesays.com\/pt\/wp-json\/wp\/v2\/posts\/191919\/revisions"}],"wp:featuredmedia":[{"embeddable":true,"href":"https:\/\/www.europesays.com\/pt\/wp-json\/wp\/v2\/media\/191920"}],"wp:attachment":[{"href":"https:\/\/www.europesays.com\/pt\/wp-json\/wp\/v2\/media?parent=191919"}],"wp:term":[{"taxonomy":"category","embeddable":true,"href":"https:\/\/www.europesays.com\/pt\/wp-json\/wp\/v2\/categories?post=191919"},{"taxonomy":"post_tag","embeddable":true,"href":"https:\/\/www.europesays.com\/pt\/wp-json\/wp\/v2\/tags?post=191919"}],"curies":[{"name":"wp","href":"https:\/\/api.w.org\/{rel}","templated":true}]}}