{"id":191922,"date":"2025-12-17T11:55:08","date_gmt":"2025-12-17T11:55:08","guid":{"rendered":"https:\/\/www.europesays.com\/pt\/191922\/"},"modified":"2025-12-17T11:55:08","modified_gmt":"2025-12-17T11:55:08","slug":"a-convite-da-onu-fotografo-baiano-realiza-exposicao-na-europa-confira-os-detalhes","status":"publish","type":"post","link":"https:\/\/www.europesays.com\/pt\/191922\/","title":{"rendered":"A convite da ONU, fot\u00f3grafo baiano realiza exposi\u00e7\u00e3o na Europa;\u00a0confira os detalhes"},"content":{"rendered":"<p>A s\u00e9rie fotogr\u00e1fica <strong>\u201cOrix\u00e1s\u201d (2014), de autoria do baiano Andr\u00e9 Fernandes,<\/strong> atravessar\u00e1 o Oceano Atl\u00e2ntico no pr\u00f3ximo ano a convite da <strong>Organiza\u00e7\u00e3o das Na\u00e7\u00f5es Unidas (ONU).<\/strong> O trabalho, que retrata a ancestralidade de matriz africana, far\u00e1 parte de uma exposi\u00e7\u00e3o na Europa prevista para agosto de 2026.<\/p>\n<p>A mostra ser\u00e1 realizada ao ar livre, <strong>\u00e0s margens do lago Quai Wilson, em Genebra.<\/strong> O evento reunir\u00e1 obras dos laureados no Concurso Internacional para Artistas de Minorias, contemplando os vencedores das edi\u00e7\u00f5es entre 2022 e 2025.<\/p>\n<p>Fernandes garantiu seu lugar no cen\u00e1rio internacional ao ser o <strong>\u00fanico brasileiro reconhecido durante a 17\u00aa sess\u00e3o do F\u00f3rum das Na\u00e7\u00f5es Unidas para Minorias,<\/strong> ligado ao Alto Comissariado para os Direitos Humanos (ACNUDH).<\/p>\n<p>Antes de desembarcar no \u201cVelho Continente\u201d, o acervo <strong>encontra-se dispon\u00edvel para visita\u00e7\u00e3o em Assun\u00e7\u00e3o, no Paraguai.<\/strong> A exposi\u00e7\u00e3o \u201cCandombl\u00e9\u201d ocupa o Instituto Guimar\u00e3es Rosa desde novembro de 2025 e segue em cartaz at\u00e9 mar\u00e7o de 2026.<\/p>\n<p>A galeria apresenta as 15 imagens da s\u00e9rie original premiada, al\u00e9m da cole\u00e7\u00e3o in\u00e9dita<strong> \u201cOunj\u1eb9 \u00d2r\u00ec\u1e63\u00e0 \u2013 Comida de Orix\u00e1\u201d (2025),<\/strong> que soma 16 novas fotografias. O espa\u00e7o tem atra\u00eddo turistas e moradores interessados nos ritos e na mem\u00f3ria cultural afro-brasileira.<\/p>\n<p>O trabalho de Andr\u00e9 Fernandes \u00e9 fruto de uma <strong>imers\u00e3o no terreiro Il\u00ea Ax\u00e9 Alaketu, em Salvador,<\/strong> realizada sob o olhar do Babalorix\u00e1 Indar\u00ea S\u00e1. A s\u00e9rie busca combater a intoler\u00e2ncia religiosa e preservar s\u00edmbolos sagrados. As lentes capturaram representa\u00e7\u00f5es de <strong>Exu, Ogum, Ox\u00f3ssi, Loguned\u00e9, Obalua\u00ea, Ossain, Oxumar\u00ea, Nan\u00e3, Oxum, Ob\u00e1, Ew\u00e1, Ians\u00e3, Yemanj\u00e1, Xang\u00f4 e Oxal\u00e1.<\/strong><\/p>\n<p>Segundo o fot\u00f3grafo, a circula\u00e7\u00e3o internacional das imagens refor\u00e7a o car\u00e1ter universal da ancestralidade. <strong>\u201cExpor esse trabalho fora do Brasil \u00e9 reafirmar que nossa ancestralidade n\u00e3o conhece fronteiras. Cada fotografia carrega a responsabilidade de traduzir em imagem aquilo que se sente, antes de se ver\u201d,<\/strong> afirmou em nota.<\/p>\n","protected":false},"excerpt":{"rendered":"A s\u00e9rie fotogr\u00e1fica \u201cOrix\u00e1s\u201d (2014), de autoria do baiano Andr\u00e9 Fernandes, atravessar\u00e1 o Oceano Atl\u00e2ntico no pr\u00f3ximo ano&hellip;\n","protected":false},"author":2,"featured_media":191923,"comment_status":"","ping_status":"","sticky":false,"template":"","format":"standard","meta":{"footnotes":""},"categories":[144],"tags":[207,205,206,203,201,202,204,114,115,32,33],"class_list":{"0":"post-191922","1":"post","2":"type-post","3":"status-publish","4":"format-standard","5":"has-post-thumbnail","7":"category-arte-e-design","8":"tag-arte","9":"tag-arte-e-design","10":"tag-artedesign","11":"tag-arts","12":"tag-arts-and-design","13":"tag-artsanddesign","14":"tag-design","15":"tag-entertainment","16":"tag-entretenimento","17":"tag-portugal","18":"tag-pt"},"share_on_mastodon":{"url":"https:\/\/pubeurope.com\/@pt\/115734781840207558","error":""},"_links":{"self":[{"href":"https:\/\/www.europesays.com\/pt\/wp-json\/wp\/v2\/posts\/191922","targetHints":{"allow":["GET"]}}],"collection":[{"href":"https:\/\/www.europesays.com\/pt\/wp-json\/wp\/v2\/posts"}],"about":[{"href":"https:\/\/www.europesays.com\/pt\/wp-json\/wp\/v2\/types\/post"}],"author":[{"embeddable":true,"href":"https:\/\/www.europesays.com\/pt\/wp-json\/wp\/v2\/users\/2"}],"replies":[{"embeddable":true,"href":"https:\/\/www.europesays.com\/pt\/wp-json\/wp\/v2\/comments?post=191922"}],"version-history":[{"count":0,"href":"https:\/\/www.europesays.com\/pt\/wp-json\/wp\/v2\/posts\/191922\/revisions"}],"wp:featuredmedia":[{"embeddable":true,"href":"https:\/\/www.europesays.com\/pt\/wp-json\/wp\/v2\/media\/191923"}],"wp:attachment":[{"href":"https:\/\/www.europesays.com\/pt\/wp-json\/wp\/v2\/media?parent=191922"}],"wp:term":[{"taxonomy":"category","embeddable":true,"href":"https:\/\/www.europesays.com\/pt\/wp-json\/wp\/v2\/categories?post=191922"},{"taxonomy":"post_tag","embeddable":true,"href":"https:\/\/www.europesays.com\/pt\/wp-json\/wp\/v2\/tags?post=191922"}],"curies":[{"name":"wp","href":"https:\/\/api.w.org\/{rel}","templated":true}]}}