{"id":191924,"date":"2025-12-17T11:57:09","date_gmt":"2025-12-17T11:57:09","guid":{"rendered":"https:\/\/www.europesays.com\/pt\/191924\/"},"modified":"2025-12-17T11:57:09","modified_gmt":"2025-12-17T11:57:09","slug":"revolucao-na-casa-liliana-e-fabio-querem-instaurar-a-dieta-liquida-secret-story","status":"publish","type":"post","link":"https:\/\/www.europesays.com\/pt\/191924\/","title":{"rendered":"Revolu\u00e7\u00e3o na casa: Liliana e F\u00e1bio querem instaurar a dieta l\u00edquida &#8211; Secret Story"},"content":{"rendered":"<p>No quarto, Liliana e F\u00e1bio aproveitaram um momento a s\u00f3s para tra\u00e7ar a estrat\u00e9gia da semana, agora que o concorrente assume o cargo de chefe de limpezas. Entre decis\u00f5es firmes, o casal definiu que a casa entraria numa esp\u00e9cie de regime, com refei\u00e7\u00f5es reduzidas a sopa e tostas, numa prepara\u00e7\u00e3o para a semana de Natal. Mais tarde, Liliana mostrou-se especialmente ativa no papel de adjunta, empenho que n\u00e3o passou despercebido a Leandro, que come\u00e7ou a observar atentamente a nova din\u00e2mica e as inten\u00e7\u00f5es por tr\u00e1s das decis\u00f5es do casal.<\/p>\n<p><strong>J\u00e1 pode votar para salvar o seu concorrente favorito. Vote atrav\u00e9s da App TVI Reality ou das linhas telef\u00f3nicas.<\/strong><\/p>\n<p>VOTA\u00c7\u00c3O PARA SALVAR:<\/p>\n<p>F\u00c1BIO \u2013 761 20 20 08<\/p>\n<p>IN\u00caS \u2013 761 20 20 10<\/p>\n<p>PEDRO \u2013 761 20 20 18<\/p>\n<p><strong><a href=\"https:\/\/tvi.iol.pt\/secretstory\/aominuto\" wbo-id=\"32\" rel=\"nofollow noopener\" target=\"_blank\">Acompanhe ao minuto, tudo o que se passa dentro da casa mais vigiada do Pa\u00eds.<\/a><\/strong><\/p>\n","protected":false},"excerpt":{"rendered":"No quarto, Liliana e F\u00e1bio aproveitaram um momento a s\u00f3s para tra\u00e7ar a estrat\u00e9gia da semana, agora que&hellip;\n","protected":false},"author":2,"featured_media":191925,"comment_status":"","ping_status":"","sticky":false,"template":"","format":"standard","meta":{"footnotes":""},"categories":[142],"tags":[114,115,19033,19034,32,33,151,19032],"class_list":{"0":"post-191924","1":"post","2":"type-post","3":"status-publish","4":"format-standard","5":"has-post-thumbnail","7":"category-tv","8":"tag-entertainment","9":"tag-entretenimento","10":"tag-galas-em-video","11":"tag-melhores-momentos-casa-dos-segredos","12":"tag-portugal","13":"tag-pt","14":"tag-tv","15":"tag-videos-secret-story-tvi"},"share_on_mastodon":{"url":"https:\/\/pubeurope.com\/@pt\/115734789868446316","error":""},"_links":{"self":[{"href":"https:\/\/www.europesays.com\/pt\/wp-json\/wp\/v2\/posts\/191924","targetHints":{"allow":["GET"]}}],"collection":[{"href":"https:\/\/www.europesays.com\/pt\/wp-json\/wp\/v2\/posts"}],"about":[{"href":"https:\/\/www.europesays.com\/pt\/wp-json\/wp\/v2\/types\/post"}],"author":[{"embeddable":true,"href":"https:\/\/www.europesays.com\/pt\/wp-json\/wp\/v2\/users\/2"}],"replies":[{"embeddable":true,"href":"https:\/\/www.europesays.com\/pt\/wp-json\/wp\/v2\/comments?post=191924"}],"version-history":[{"count":0,"href":"https:\/\/www.europesays.com\/pt\/wp-json\/wp\/v2\/posts\/191924\/revisions"}],"wp:featuredmedia":[{"embeddable":true,"href":"https:\/\/www.europesays.com\/pt\/wp-json\/wp\/v2\/media\/191925"}],"wp:attachment":[{"href":"https:\/\/www.europesays.com\/pt\/wp-json\/wp\/v2\/media?parent=191924"}],"wp:term":[{"taxonomy":"category","embeddable":true,"href":"https:\/\/www.europesays.com\/pt\/wp-json\/wp\/v2\/categories?post=191924"},{"taxonomy":"post_tag","embeddable":true,"href":"https:\/\/www.europesays.com\/pt\/wp-json\/wp\/v2\/tags?post=191924"}],"curies":[{"name":"wp","href":"https:\/\/api.w.org\/{rel}","templated":true}]}}