{"id":191939,"date":"2025-12-17T12:07:31","date_gmt":"2025-12-17T12:07:31","guid":{"rendered":"https:\/\/www.europesays.com\/pt\/191939\/"},"modified":"2025-12-17T12:07:31","modified_gmt":"2025-12-17T12:07:31","slug":"em-fuga-ha-2-anos-escritor-detido-a-beber-vinho-no-algarve-observador","status":"publish","type":"post","link":"https:\/\/www.europesays.com\/pt\/191939\/","title":{"rendered":"Em fuga h\u00e1 2 anos, escritor detido a beber vinho no Algarve \u2013 Observador"},"content":{"rendered":"<p>Sentado no terra\u00e7o de um caf\u00e9 na Ilha da Culatra, no Algarve, a tirar notas, com um copo de vinho branco \u00e0 frente. Era assim que se encontrava o escritor Natalio Grueso, que estava fugido \u00e0 justi\u00e7a h\u00e1 mais de dois anos e era procurado pelas autoridades de Espanha por desvio de fundos p\u00fablicos, quando foi avistado por agentes espanh\u00f3is. O homem acabou por ser detido nesse dia, 4 de dezembro, pela Pol\u00edcia Judici\u00e1ria (PJ).<\/p>\n<p><a href=\"https:\/\/elpais.com\/cultura\/2025-12-12\/tomando-un-vino-y-observando-la-pesca-del-dia-en-una-isla-del-algarve-asi-hallaron-al-gestor-cultural-fugitivo-natalio-grueso.html\" target=\"_blank\" rel=\"noopener nofollow\">Os detalhes foram divulgados pelo El Pa\u00eds<\/a> depois da PJ ter revelado num comunicado a 11 de dezembro que deteve uma \u201cfigura central de crime financeiro em Espanha\u201d. Segundo o jornal espanhol, os agentes espanh\u00f3is acompanharam \u00e0 dist\u00e2ncia os movimentos de Grueso, de 55 anos. Primeiro viram-no a falar com o dono do caf\u00e9, que lhe mostrou a pesca do dia exposta numa montra, depois seguiram-no enquanto passeava pelas ruas algarvias. O local n\u00e3o ter\u00e1 sido uma escolha aleat\u00f3ria, j\u00e1 que o autor tinha escrito sobre a ilha nos seus livros.<\/p>\n<p>O jornal espanhol refere que os pol\u00edcias espanh\u00f3is avisaram as autoridades portuguesas de que estavam \u00e0 procura do famoso promotor cultural, que chegou a rodear-se de figuras de Hollywood como Woody Allen ou Kevin Spacey antes de ser condenado a oito anos de pris\u00e3o por desvio de fundos p\u00fablicos quando era diretor do Centro Niemeyer das Ast\u00farias, entre 2006 e 2011. Mas tinham um impedimento: n\u00e3o podiam det\u00ea-lo. Assim, tentaram agir como qualquer outro turista de passagem na regi\u00e3o e misturar-se nos locais que Grueso frequentava.<\/p>\n<p>A certa altura os agentes sentaram-se a tomar um caf\u00e9 no mesmo espa\u00e7o em que estavam Grueso e o dono do estabelecimento. <strong>\u201cEles n\u00e3o podiam continuar a segui-lo porque iam acabar por revelar-se, j\u00e1 que havia pouqu\u00edssimas pessoas nas ruas da cidade\u201d<\/strong>, disse o chefe da Equipe de Fugitivos da Justi\u00e7a espanhola ao El Pa\u00eds sobre a opera\u00e7\u00e3o.<\/p>\n<p>Os agentes espanh\u00f3is passaram ent\u00e3o a informa\u00e7\u00e3o \u00e0 Pol\u00edcia Judici\u00e1ria, que foi respons\u00e1vel pela deten\u00e7\u00e3o. Inicialmente o homem ter\u00e1 negado ser quem as autoridades portuguesas e espanholas procuravam. O El Pa\u00eds refere que Grueso n\u00e3o trazia consigo uma identifica\u00e7\u00e3o e que n\u00e3o \u00e9 claro se estaria a usar outro nome.<\/p>\n<p>O comunicado divulgado pela Pol\u00edcia Judici\u00e1ria a 11 de dezembro sobre a deten\u00e7\u00e3o referia que tinha sido detido um homem de 55 anos, sob o qual pendia um mandado de deten\u00e7\u00e3o europeu e internacional, numa opera\u00e7\u00e3o com a coopera\u00e7\u00e3o da Guardia Civil espanhola. A PJ indicava que se encontrava \u201cem fuga desde o final de 2023, ap\u00f3s decis\u00e3o do Tribunal Supremo espanhol, que o considerou figura central num esquema de il\u00edcitos financeiros conhecido como \u2018Caso Niemeyer&#8217;\u201d.<\/p>\n<p>\u201cTrata-se de um antigo Diretor-Geral do Centro Cultural Internacional \u00d3scar Niemeyer, em Avil\u00e9s (Espanha), condenado pela pr\u00e1tica de v\u00e1rios crimes relacionados com a m\u00e1 gest\u00e3o daquela institui\u00e7\u00e3o\u201d, explicava a for\u00e7a policial. Acrescentava que o homem foi presente ao Tribunal da Rela\u00e7\u00e3o de \u00c9vora e aguardava o processo de extradi\u00e7\u00e3o para Espanha.<\/p>\n","protected":false},"excerpt":{"rendered":"Sentado no terra\u00e7o de um caf\u00e9 na Ilha da Culatra, no Algarve, a tirar notas, com um copo&hellip;\n","protected":false},"author":2,"featured_media":191940,"comment_status":"","ping_status":"","sticky":false,"template":"","format":"standard","meta":{"footnotes":""},"categories":[10],"tags":[27,28,640,445,15,16,14,300,25,26,21,22,62,12,13,19,20,3918,32,23,24,33,17,18,29,30,31],"class_list":{"0":"post-191939","1":"post","2":"type-post","3":"status-publish","4":"format-standard","5":"has-post-thumbnail","7":"category-portugal","8":"tag-breaking-news","9":"tag-breakingnews","10":"tag-espanha","11":"tag-europa","12":"tag-featured-news","13":"tag-featurednews","14":"tag-headlines","15":"tag-justiu00e7a","16":"tag-latest-news","17":"tag-latestnews","18":"tag-main-news","19":"tag-mainnews","20":"tag-mundo","21":"tag-news","22":"tag-noticias","23":"tag-noticias-principais","24":"tag-noticiasprincipais","25":"tag-polu00edcia-judiciu00e1ria","26":"tag-portugal","27":"tag-principais-noticias","28":"tag-principaisnoticias","29":"tag-pt","30":"tag-top-stories","31":"tag-topstories","32":"tag-ultimas","33":"tag-ultimas-noticias","34":"tag-ultimasnoticias"},"share_on_mastodon":{"url":"https:\/\/pubeurope.com\/@pt\/115734829033234326","error":""},"_links":{"self":[{"href":"https:\/\/www.europesays.com\/pt\/wp-json\/wp\/v2\/posts\/191939","targetHints":{"allow":["GET"]}}],"collection":[{"href":"https:\/\/www.europesays.com\/pt\/wp-json\/wp\/v2\/posts"}],"about":[{"href":"https:\/\/www.europesays.com\/pt\/wp-json\/wp\/v2\/types\/post"}],"author":[{"embeddable":true,"href":"https:\/\/www.europesays.com\/pt\/wp-json\/wp\/v2\/users\/2"}],"replies":[{"embeddable":true,"href":"https:\/\/www.europesays.com\/pt\/wp-json\/wp\/v2\/comments?post=191939"}],"version-history":[{"count":0,"href":"https:\/\/www.europesays.com\/pt\/wp-json\/wp\/v2\/posts\/191939\/revisions"}],"wp:featuredmedia":[{"embeddable":true,"href":"https:\/\/www.europesays.com\/pt\/wp-json\/wp\/v2\/media\/191940"}],"wp:attachment":[{"href":"https:\/\/www.europesays.com\/pt\/wp-json\/wp\/v2\/media?parent=191939"}],"wp:term":[{"taxonomy":"category","embeddable":true,"href":"https:\/\/www.europesays.com\/pt\/wp-json\/wp\/v2\/categories?post=191939"},{"taxonomy":"post_tag","embeddable":true,"href":"https:\/\/www.europesays.com\/pt\/wp-json\/wp\/v2\/tags?post=191939"}],"curies":[{"name":"wp","href":"https:\/\/api.w.org\/{rel}","templated":true}]}}