{"id":191943,"date":"2025-12-17T12:10:08","date_gmt":"2025-12-17T12:10:08","guid":{"rendered":"https:\/\/www.europesays.com\/pt\/191943\/"},"modified":"2025-12-17T12:10:08","modified_gmt":"2025-12-17T12:10:08","slug":"em-sao-paulo-clube-de-criacao","status":"publish","type":"post","link":"https:\/\/www.europesays.com\/pt\/191943\/","title":{"rendered":"Em S\u00e3o Paulo &#8211; Clube de Cria\u00e7\u00e3o"},"content":{"rendered":"<p>Propeg tem novos profissionais na cria\u00e7\u00e3o, tr\u00e1fego e atendimento<\/p>\n<p>\n\t\t\t\t16\/12\/2025\n\t\t\t<\/p>\n<p>\t\t\t\t<img loading=\"lazy\" decoding=\"async\" src=\"https:\/\/clubedecriacao.com.br\/wp-content\/themes\/clube-criacao-1.0\/images\/icon-time.svg\" alt=\"\u00cdcone\" width=\"20\" height=\"20\"\/><br \/>\n\t\t\t\t2 min.<\/p>\n<p>\t\t\tCompartilhe essa not\u00edcia:<br \/>\n\t\t\t<a href=\"#\" class=\"btn-copiar\"><br \/>\n\t\t\t\tCopiar link<br \/>\n\t\t\t\t<img loading=\"lazy\" decoding=\"async\" src=\"https:\/\/clubedecriacao.com.br\/wp-content\/themes\/clube-criacao-1.0\/images\/icon-link.svg\" alt=\"\u00cdcone\" width=\"20\" height=\"20\"\/><br \/>\n\t\t\t<\/a><\/p>\n<p>A <strong>Propeg<\/strong> acaba de anunciar a chegada de quatro profissionais para <strong>unidade de S\u00e3o Paulo,<\/strong> nas \u00e1reas de <strong>cria\u00e7\u00e3o, tr\u00e1fego e atendimento.<\/strong><\/p>\n<p>Como parte do movimento de acelera\u00e7\u00e3o conduzido pela consultoria <strong>FF&gt;&gt;<\/strong>, de F\u00e1bio Fernandes,\u00a0<strong>Lucas Borba <\/strong>chega como\u00a0<strong>redator<\/strong> e <strong>Diogo Pereira<\/strong> assume o cargo de <strong>diretor de arte<\/strong>.<\/p>\n<p>Com mais de 15 anos de carreira, Borba trabalhou em ag\u00eancias como <strong>DM9DDB, JWT, Master, David, CP+B e FCB<\/strong>. J\u00e1 Pereira tem mais de uma d\u00e9cada de trajet\u00f3ria no mercado e atuou na <strong>FCB, CL e \u00c1tomo<\/strong>.<\/p>\n<p>Na \u00e1rea de organiza\u00e7\u00e3o da opera\u00e7\u00e3o, <strong>Taiana Dutra<\/strong> passa a atuar como <strong>executiva de tr\u00e1fego<\/strong>, \u00e0 frente da estrutura\u00e7\u00e3o do fluxo de trabalhos da <strong>cria\u00e7\u00e3o e produ\u00e7\u00e3o<\/strong>. Com mais de 19 anos de experi\u00eancia, integrou anteriormente as equipes da DPZ&amp;T, Galeria e The Juju.<\/p>\n<p>Na \u00e1rea de atendimento, chega <strong>Renata Vilar<\/strong> como gerente, dedicada \u00e0s contas da <strong>Prefeitura de S\u00e3o Paulo, Sebrae SP, CDHU e Prodesp<\/strong>. A profissional atuou, ao longo da carreira, em projetos para clientes como O Botic\u00e1rio, Lojas Insinuante, TAAG \u2013 Linhas A\u00e9reas de Angola e Governo do Estado do Tocantins.<\/p>\n<p>\u00a0<\/p>\n","protected":false},"excerpt":{"rendered":"Propeg tem novos profissionais na cria\u00e7\u00e3o, tr\u00e1fego e atendimento 16\/12\/2025 2 min. Compartilhe essa not\u00edcia: Copiar link A&hellip;\n","protected":false},"author":2,"featured_media":191944,"comment_status":"","ping_status":"","sticky":false,"template":"","format":"standard","meta":{"footnotes":""},"categories":[144],"tags":[207,205,206,203,201,202,204,114,115,32,33],"class_list":{"0":"post-191943","1":"post","2":"type-post","3":"status-publish","4":"format-standard","5":"has-post-thumbnail","7":"category-arte-e-design","8":"tag-arte","9":"tag-arte-e-design","10":"tag-artedesign","11":"tag-arts","12":"tag-arts-and-design","13":"tag-artsanddesign","14":"tag-design","15":"tag-entertainment","16":"tag-entretenimento","17":"tag-portugal","18":"tag-pt"},"share_on_mastodon":{"url":"https:\/\/pubeurope.com\/@pt\/115734840897478224","error":""},"_links":{"self":[{"href":"https:\/\/www.europesays.com\/pt\/wp-json\/wp\/v2\/posts\/191943","targetHints":{"allow":["GET"]}}],"collection":[{"href":"https:\/\/www.europesays.com\/pt\/wp-json\/wp\/v2\/posts"}],"about":[{"href":"https:\/\/www.europesays.com\/pt\/wp-json\/wp\/v2\/types\/post"}],"author":[{"embeddable":true,"href":"https:\/\/www.europesays.com\/pt\/wp-json\/wp\/v2\/users\/2"}],"replies":[{"embeddable":true,"href":"https:\/\/www.europesays.com\/pt\/wp-json\/wp\/v2\/comments?post=191943"}],"version-history":[{"count":0,"href":"https:\/\/www.europesays.com\/pt\/wp-json\/wp\/v2\/posts\/191943\/revisions"}],"wp:featuredmedia":[{"embeddable":true,"href":"https:\/\/www.europesays.com\/pt\/wp-json\/wp\/v2\/media\/191944"}],"wp:attachment":[{"href":"https:\/\/www.europesays.com\/pt\/wp-json\/wp\/v2\/media?parent=191943"}],"wp:term":[{"taxonomy":"category","embeddable":true,"href":"https:\/\/www.europesays.com\/pt\/wp-json\/wp\/v2\/categories?post=191943"},{"taxonomy":"post_tag","embeddable":true,"href":"https:\/\/www.europesays.com\/pt\/wp-json\/wp\/v2\/tags?post=191943"}],"curies":[{"name":"wp","href":"https:\/\/api.w.org\/{rel}","templated":true}]}}