{"id":191945,"date":"2025-12-17T12:12:19","date_gmt":"2025-12-17T12:12:19","guid":{"rendered":"https:\/\/www.europesays.com\/pt\/191945\/"},"modified":"2025-12-17T12:12:19","modified_gmt":"2025-12-17T12:12:19","slug":"fabio-faz-o-pequeno-almoco-para-os-rivais-leva-descasca-da-liliana-e-reage-dizes-isso-em-voz-alta-secret-story","status":"publish","type":"post","link":"https:\/\/www.europesays.com\/pt\/191945\/","title":{"rendered":"F\u00e1bio faz o pequeno-almo\u00e7o para os &#8220;rivais&#8221;, leva &#8220;descasca&#8221; da Liliana e reage: \u00abDizes isso em voz alta!?\u00bb &#8211; Secret Story"},"content":{"rendered":"<p>No Secret Story, a manh\u00e3 \u00e9 agitada na casa mais vigiada do Pa\u00eds! F\u00e1bio prepara o pequeno-almo\u00e7o para o grupo e a namorada Liliana n\u00e3o acha piada nenhuma a isso, e critica-o.\u00a0<\/p>\n<p><strong>J\u00e1 pode votar para salvar o seu concorrente favorito. Vote atrav\u00e9s da App TVI Reality ou das linhas telef\u00f3nicas.<\/strong><\/p>\n<p>VOTA\u00c7\u00c3O PARA SALVAR:<\/p>\n<p>F\u00c1BIO \u2013 761 20 20 08<\/p>\n<p>IN\u00caS \u2013 761 20 20 10<\/p>\n<p>PEDRO \u2013 761 20 20 18<\/p>\n<p><strong><a href=\"https:\/\/tvi.iol.pt\/secretstory\/aominuto\" wbo-id=\"32\" rel=\"nofollow noopener\" target=\"_blank\">Acompanhe ao minuto, tudo o que se passa dentro da casa mais vigiada do Pa\u00eds.<\/a><\/strong><\/p>\n","protected":false},"excerpt":{"rendered":"No Secret Story, a manh\u00e3 \u00e9 agitada na casa mais vigiada do Pa\u00eds! F\u00e1bio prepara o pequeno-almo\u00e7o para&hellip;\n","protected":false},"author":2,"featured_media":191946,"comment_status":"","ping_status":"","sticky":false,"template":"","format":"standard","meta":{"footnotes":""},"categories":[142],"tags":[114,115,19033,19034,32,33,151,19032],"class_list":{"0":"post-191945","1":"post","2":"type-post","3":"status-publish","4":"format-standard","5":"has-post-thumbnail","7":"category-tv","8":"tag-entertainment","9":"tag-entretenimento","10":"tag-galas-em-video","11":"tag-melhores-momentos-casa-dos-segredos","12":"tag-portugal","13":"tag-pt","14":"tag-tv","15":"tag-videos-secret-story-tvi"},"share_on_mastodon":{"url":"https:\/\/pubeurope.com\/@pt\/115734848638544432","error":""},"_links":{"self":[{"href":"https:\/\/www.europesays.com\/pt\/wp-json\/wp\/v2\/posts\/191945","targetHints":{"allow":["GET"]}}],"collection":[{"href":"https:\/\/www.europesays.com\/pt\/wp-json\/wp\/v2\/posts"}],"about":[{"href":"https:\/\/www.europesays.com\/pt\/wp-json\/wp\/v2\/types\/post"}],"author":[{"embeddable":true,"href":"https:\/\/www.europesays.com\/pt\/wp-json\/wp\/v2\/users\/2"}],"replies":[{"embeddable":true,"href":"https:\/\/www.europesays.com\/pt\/wp-json\/wp\/v2\/comments?post=191945"}],"version-history":[{"count":0,"href":"https:\/\/www.europesays.com\/pt\/wp-json\/wp\/v2\/posts\/191945\/revisions"}],"wp:featuredmedia":[{"embeddable":true,"href":"https:\/\/www.europesays.com\/pt\/wp-json\/wp\/v2\/media\/191946"}],"wp:attachment":[{"href":"https:\/\/www.europesays.com\/pt\/wp-json\/wp\/v2\/media?parent=191945"}],"wp:term":[{"taxonomy":"category","embeddable":true,"href":"https:\/\/www.europesays.com\/pt\/wp-json\/wp\/v2\/categories?post=191945"},{"taxonomy":"post_tag","embeddable":true,"href":"https:\/\/www.europesays.com\/pt\/wp-json\/wp\/v2\/tags?post=191945"}],"curies":[{"name":"wp","href":"https:\/\/api.w.org\/{rel}","templated":true}]}}