{"id":191975,"date":"2025-12-17T12:48:14","date_gmt":"2025-12-17T12:48:14","guid":{"rendered":"https:\/\/www.europesays.com\/pt\/191975\/"},"modified":"2025-12-17T12:48:14","modified_gmt":"2025-12-17T12:48:14","slug":"casa-de-esqueceram-de-mim-deve-passar-por-reformas-e-voltar-a-estetica-conhecida-pelos-fas","status":"publish","type":"post","link":"https:\/\/www.europesays.com\/pt\/191975\/","title":{"rendered":"Casa de &#8216;Esqueceram de Mim&#8217; deve passar por reformas e voltar \u00e0 est\u00e9tica conhecida pelos f\u00e3s"},"content":{"rendered":"<p>A casa que serviu de cen\u00e1rio para o cl\u00e1ssico filme natalino \u201cEsqueceram de Mim\u201d est\u00e1 prestes a reencontrar seu charme original. Conforme reportado pela NBC5 Chicago, os novos propriet\u00e1rios da ic\u00f4nica resid\u00eancia em Winnetka, <a href=\"https:\/\/pt.wikipedia.org\/wiki\/Illinois\" rel=\"nofollow noopener\" target=\"_blank\">Illinois<\/a>, planejam restaurar o interior da casa para que retorne \u00e0 est\u00e9tica nost\u00e1lgica que marcou a produ\u00e7\u00e3o de 1990.<\/p>\n<p><strong>Scott Price<\/strong>, gerente do projeto de renova\u00e7\u00e3o, compartilhou com o ve\u00edculo: \u201cNosso objetivo \u00e9 trazer de volta o calor e o amor do filme. Havia tantas cores incr\u00edveis e isso fazia voc\u00ea se sentir como parte da fam\u00edlia e em casa, e queremos trazer essa magia de volta\u201d.<\/p>\n<p>De acordo com a revista People, a propriedade, que conta com cinco quartos e seis banheiros, passou por uma reforma em 2018, adotando uma est\u00e9tica moderna e branca, bem diferente do aconchego que conquistou os cora\u00e7\u00f5es dos espectadores h\u00e1 mais de tr\u00eas d\u00e9cadas. Constru\u00edda em 1926 e ocupando mais de 840 metros quadrados, a casa foi vendida por mais de US$ 5,5 milh\u00f5es no in\u00edcio deste ano.<\/p>\n<p>O lar dos McCallister foi a principal loca\u00e7\u00e3o do filme estrelado por <a href=\"https:\/\/aventurasnahistoria.com.br\/noticias\/historia-hoje\/macaulay-culkin-estrela-de-esqueceram-de-mim-muda-de-nome.phtml\" rel=\"nofollow noopener\" target=\"_blank\">Macaulay Culkin<\/a>, que interpretou <strong>Kevin McCallister<\/strong>, um garoto de oito anos deixado sozinho em casa enquanto sua fam\u00edlia viajava para Paris. Kevin vive aventuras natalinas enquanto defende a casa de ladr\u00f5es interpretados por <strong>Joe Pesci<\/strong> e <strong>Daniel Stern<\/strong>.<\/p>\n<p>\t <img loading=\"lazy\" decoding=\"async\" class=\"size-full wp-image-216089 img-fluid lazy\" alt=\"\" width=\"1280\" height=\"720\" src=\"https:\/\/www.europesays.com\/pt\/wp-content\/uploads\/2025\/12\/Design-sem-nome-2025-12-16T164843.906.jpg\"  \/>Interior da casa de \u2018Esqueceram de Mim\u2019 ap\u00f3s reforma de 2018 \u2013 Cr\u00e9dito\/Dawn McKenna\/Coldwell Banker Imobili\u00e1ria <\/p>\n<p>A atmosfera acolhedora da casa conquistou f\u00e3s ao longo das d\u00e9cadas com seu papel de parede caracter\u00edstico, sua grandiosa escadaria na entrada e suas cores vibrantes. Contudo, a reforma recente deixou muitos admiradores desapontados. Alguns chegaram a classific\u00e1-la como \u201cincrivelmente deprimente\u201d, fazendo compara\u00e7\u00f5es com a est\u00e9tica fria de consult\u00f3rios m\u00e9dicos.<\/p>\n<p>Culkin, atualmente com 45 anos, revelou que considerou adquirir a casa ap\u00f3s ela ser colocada \u00e0 venda em 2024. \u201cPensei em compr\u00e1-la \u2013 s\u00f3 para brincar\u201d, comentou durante uma exibi\u00e7\u00e3o do filme em Chicago, segundo o The New York Times. Ele mencionou a ideia de transformar o im\u00f3vel em uma \u201ccasa divertida para filmes\u201d, onde os f\u00e3s poderiam reencenar cenas do longa-metragem.<\/p>\n<p>        <a href=\"https:\/\/aventurasnahistoria.com.br\/noticias\/author\/giovanna-gomes\" rel=\"nofollow noopener\" target=\"_blank\">&#13;<br \/>\n          <img alt=\"Giovanna Gomes\" src=\"https:\/\/www.europesays.com\/pt\/wp-content\/uploads\/2025\/12\/1765975694_489_33b368a526ac26c2f7de6462fce3004285811f04809ed05857f30d16a462d4c5\"  class=\"avatar avatar-115 photo rounded-circle mr-3\" height=\"115\" width=\"115\" loading=\"lazy\" decoding=\"async\"\/>        <\/a><\/p>\n<p>Giovanna Gomes \u00e9 jornalista e estudante de Hist\u00f3ria pela USP. Gosta de escrever sobre arte, arqueologia e tudo que diz repeito \u00e0 cultura e \u00e0 hist\u00f3ria do ser humano.<\/p>\n","protected":false},"excerpt":{"rendered":"A casa que serviu de cen\u00e1rio para o cl\u00e1ssico filme natalino \u201cEsqueceram de Mim\u201d est\u00e1 prestes a reencontrar&hellip;\n","protected":false},"author":2,"featured_media":191976,"comment_status":"","ping_status":"","sticky":false,"template":"","format":"standard","meta":{"footnotes":""},"categories":[140],"tags":[2019,114,115,38590,147,148,38043,146,32,33,17583],"class_list":{"0":"post-191975","1":"post","2":"type-post","3":"status-publish","4":"format-standard","5":"has-post-thumbnail","7":"category-filmes","8":"tag-casa","9":"tag-entertainment","10":"tag-entretenimento","11":"tag-esqueceram-de-mim","12":"tag-film","13":"tag-filmes","14":"tag-macaulay-culkin","15":"tag-movies","16":"tag-portugal","17":"tag-pt","18":"tag-reformas"},"share_on_mastodon":{"url":"https:\/\/pubeurope.com\/@pt\/115734991515138782","error":""},"_links":{"self":[{"href":"https:\/\/www.europesays.com\/pt\/wp-json\/wp\/v2\/posts\/191975","targetHints":{"allow":["GET"]}}],"collection":[{"href":"https:\/\/www.europesays.com\/pt\/wp-json\/wp\/v2\/posts"}],"about":[{"href":"https:\/\/www.europesays.com\/pt\/wp-json\/wp\/v2\/types\/post"}],"author":[{"embeddable":true,"href":"https:\/\/www.europesays.com\/pt\/wp-json\/wp\/v2\/users\/2"}],"replies":[{"embeddable":true,"href":"https:\/\/www.europesays.com\/pt\/wp-json\/wp\/v2\/comments?post=191975"}],"version-history":[{"count":0,"href":"https:\/\/www.europesays.com\/pt\/wp-json\/wp\/v2\/posts\/191975\/revisions"}],"wp:featuredmedia":[{"embeddable":true,"href":"https:\/\/www.europesays.com\/pt\/wp-json\/wp\/v2\/media\/191976"}],"wp:attachment":[{"href":"https:\/\/www.europesays.com\/pt\/wp-json\/wp\/v2\/media?parent=191975"}],"wp:term":[{"taxonomy":"category","embeddable":true,"href":"https:\/\/www.europesays.com\/pt\/wp-json\/wp\/v2\/categories?post=191975"},{"taxonomy":"post_tag","embeddable":true,"href":"https:\/\/www.europesays.com\/pt\/wp-json\/wp\/v2\/tags?post=191975"}],"curies":[{"name":"wp","href":"https:\/\/api.w.org\/{rel}","templated":true}]}}