{"id":191984,"date":"2025-12-17T12:55:14","date_gmt":"2025-12-17T12:55:14","guid":{"rendered":"https:\/\/www.europesays.com\/pt\/191984\/"},"modified":"2025-12-17T12:55:14","modified_gmt":"2025-12-17T12:55:14","slug":"motorista-tvde-filmou-se-a-violar-jovem-e-usou-videos-para-impedir-queixa","status":"publish","type":"post","link":"https:\/\/www.europesays.com\/pt\/191984\/","title":{"rendered":"Motorista TVDE filmou-se a violar jovem e usou v\u00eddeos para impedir queixa"},"content":{"rendered":"<p data-remotead-prev-elm=\"true\" data-remotead-elm-id=\"inread\">Segundo a PJ, a investiga\u00e7\u00e3o teve origem numa comunica\u00e7\u00e3o da PSP \u00e0quela for\u00e7a policial, na sequ\u00eancia da ida da v\u00edtima ao hospital, &#8220;por existirem ind\u00edcios de ter sido agredida sexualmente&#8221;. Isto depois de, no passado domingo, v\u00edtima e suspeito (ambos de nacionalidade estrangeira) terem voltado a encontrar-se, tendo o homem transportado a mulher, em alegado estado de embriaguez, na viatura TVDE que opera.<\/p>\n<p>&#8220;Ao recuperar a consci\u00eancia, a v\u00edtima apresentava ind\u00edcios de ter sido sexualmente agredida, facto que veio a ser confirmado em contexto hospitalar, ap\u00f3s sujei\u00e7\u00e3o a per\u00edcias&#8221;, informou hoje a Judici\u00e1ria, que, ap\u00f3s desenvolver &#8220;dilig\u00eancias investigat\u00f3rias urgentes&#8221;, fez buscas e deteve o suspeito.<\/p>\n<p>Os inspetores da Diretoria de Lisboa e Vale do Tejo apuraram ainda que, na sua posse, o arguido tinha v\u00eddeos do crime cometido, que estaria a utilizar para &#8220;constranger a v\u00edtima a omitir a den\u00fancia&#8221;.<\/p>\n<p>O detido, com antecedentes por crime de condu\u00e7\u00e3o de ve\u00edculo em estado de embriaguez ou sob a influ\u00eancia de estupefacientes ou subst\u00e2ncias psicotr\u00f3picas, vai ser apresentado a primeiro interrogat\u00f3rio judicial para aplica\u00e7\u00e3o de medidas de coa\u00e7\u00e3o.<\/p>\n","protected":false},"excerpt":{"rendered":"Segundo a PJ, a investiga\u00e7\u00e3o teve origem numa comunica\u00e7\u00e3o da PSP \u00e0quela for\u00e7a policial, na sequ\u00eancia da ida&hellip;\n","protected":false},"author":2,"featured_media":191985,"comment_status":"","ping_status":"","sticky":false,"template":"","format":"standard","meta":{"footnotes":""},"categories":[10],"tags":[27,28,15,16,14,603,25,26,797,21,22,12,13,19,20,32,23,24,33,17,18,19798,29,30,31,8102],"class_list":{"0":"post-191984","1":"post","2":"type-post","3":"status-publish","4":"format-standard","5":"has-post-thumbnail","7":"category-portugal","8":"tag-breaking-news","9":"tag-breakingnews","10":"tag-featured-news","11":"tag-featurednews","12":"tag-headlines","13":"tag-justica","14":"tag-latest-news","15":"tag-latestnews","16":"tag-lisboa","17":"tag-main-news","18":"tag-mainnews","19":"tag-news","20":"tag-noticias","21":"tag-noticias-principais","22":"tag-noticiasprincipais","23":"tag-portugal","24":"tag-principais-noticias","25":"tag-principaisnoticias","26":"tag-pt","27":"tag-top-stories","28":"tag-topstories","29":"tag-tvde","30":"tag-ultimas","31":"tag-ultimas-noticias","32":"tag-ultimasnoticias","33":"tag-violacao"},"share_on_mastodon":{"url":"https:\/\/pubeurope.com\/@pt\/115735017940915626","error":""},"_links":{"self":[{"href":"https:\/\/www.europesays.com\/pt\/wp-json\/wp\/v2\/posts\/191984","targetHints":{"allow":["GET"]}}],"collection":[{"href":"https:\/\/www.europesays.com\/pt\/wp-json\/wp\/v2\/posts"}],"about":[{"href":"https:\/\/www.europesays.com\/pt\/wp-json\/wp\/v2\/types\/post"}],"author":[{"embeddable":true,"href":"https:\/\/www.europesays.com\/pt\/wp-json\/wp\/v2\/users\/2"}],"replies":[{"embeddable":true,"href":"https:\/\/www.europesays.com\/pt\/wp-json\/wp\/v2\/comments?post=191984"}],"version-history":[{"count":0,"href":"https:\/\/www.europesays.com\/pt\/wp-json\/wp\/v2\/posts\/191984\/revisions"}],"wp:featuredmedia":[{"embeddable":true,"href":"https:\/\/www.europesays.com\/pt\/wp-json\/wp\/v2\/media\/191985"}],"wp:attachment":[{"href":"https:\/\/www.europesays.com\/pt\/wp-json\/wp\/v2\/media?parent=191984"}],"wp:term":[{"taxonomy":"category","embeddable":true,"href":"https:\/\/www.europesays.com\/pt\/wp-json\/wp\/v2\/categories?post=191984"},{"taxonomy":"post_tag","embeddable":true,"href":"https:\/\/www.europesays.com\/pt\/wp-json\/wp\/v2\/tags?post=191984"}],"curies":[{"name":"wp","href":"https:\/\/api.w.org\/{rel}","templated":true}]}}