{"id":191988,"date":"2025-12-17T12:57:39","date_gmt":"2025-12-17T12:57:39","guid":{"rendered":"https:\/\/www.europesays.com\/pt\/191988\/"},"modified":"2025-12-17T12:57:39","modified_gmt":"2025-12-17T12:57:39","slug":"angustia-tenta-dominar-r7-entretenimento","status":"publish","type":"post","link":"https:\/\/www.europesays.com\/pt\/191988\/","title":{"rendered":"\u2018Ang\u00fastia tenta dominar\u2019 \u2013 R7 Entretenimento"},"content":{"rendered":"<p>LEIA AQUI O RESUMO DA NOT\u00cdCIA<\/p>\n<ul class=\"b-article-body-custom-embed-brief-news__list\" style=\"margin: 0; padding-left: 20px; list-style-type: disc;\">\n<li>Joelson Veloso desabafa sobre a sa\u00fade da filha, Isabel Veloso, internada desde 26 de novembro.<\/li>\n<li>Isabel permanece sedada e aguarda resultado de bi\u00f3psia no intestino ap\u00f3s complica\u00e7\u00f5es de sa\u00fade.<\/li>\n<li>Ela foi diagnosticada com linfoma de Hodgkin em 2021 e passou por tratamento e transplante de medula.<\/li>\n<li>Familiares demonstram confian\u00e7a na recupera\u00e7\u00e3o, apesar das dificuldades enfrentadas.<\/li>\n<\/ul>\n<p style=\"font-size: 0.8em; font-style: italic; text-align: right; margin-top: 15px; padding-bottom: 5px; margin-bottom: 0;\">Produzido pela Ri7a &#8211; a Intelig\u00eancia Artificial do R7<\/p>\n<p><img decoding=\"async\" data-chromatic=\"ignore\" alt=\"\" class=\"c-image\" loading=\"lazy\" src=\"https:\/\/www.europesays.com\/pt\/wp-content\/uploads\/2025\/12\/GJUQC6LKVRFBFCZKHQLURKBIF4.jpg\"  width=\"1920\" height=\"1080\"\/>Pai de Isabel Veloso confia na recupera\u00e7\u00e3o da filha Reprodu\u00e7\u00e3o\/Instagram\/@ joelson_veloso <\/p>\n<p class=\"jarvics:base-text-neutral-high-400 base-text-[calc(theme(fontSize.xs)_*_var(--font-size,_1))] base-font-normal base-font-primary base-text-neutral-low-500 base-text-left\">Joelson Veloso, pai de <a href=\"https:\/\/www.r7.com\/tudo-sobre\/isabel-veloso\/\" target=\"_self\" rel=\"nofollow noopener\" title=\"https:\/\/www.r7.com\/tudo-sobre\/isabel-veloso\/\">Isabel Veloso<\/a>, usou as redes sociais nesta ter\u00e7a-feira (16) para desabafar sobre o estado de sa\u00fade da filha. A influenciadora est\u00e1 <a href=\"https:\/\/entretenimento.r7.com\/prisma\/blog-da-thais-santanna\/pai-de-isabel-veloso-fala-sobre-estado-de-saude-da-filha-apos-alta-da-uti-se-alimenta-sem-sonda-01122025\/\" target=\"_self\" rel=\"nofollow noopener\" title=\"https:\/\/entretenimento.r7.com\/prisma\/blog-da-thais-santanna\/pai-de-isabel-veloso-fala-sobre-estado-de-saude-da-filha-apos-alta-da-uti-se-alimenta-sem-sonda-01122025\/\">internada em Curitiba desde o dia 26 de novembro<\/a>, permanece sedada e aguarda o resultado de uma bi\u00f3psia no intestino.<\/p>\n<p class=\"jarvics:base-text-neutral-high-400 base-text-[calc(theme(fontSize.xs)_*_var(--font-size,_1))] base-font-normal base-font-primary base-text-neutral-low-500 base-text-left\">Em uma mensagem publicada nos Stories do Instagram, Joelson compartilhou um desabafo.<\/p>\n<p class=\"jarvics:base-text-neutral-high-400 base-text-[calc(theme(fontSize.xs)_*_var(--font-size,_1))] base-font-normal base-font-primary base-text-neutral-low-500 base-text-left\">\u201cQuando o sil\u00eancio das not\u00edcias aperta o cora\u00e7\u00e3o e a ang\u00fastia tenta nos dominar, \u00e9 nessa hora que a f\u00e9 precisa falar mais alto\u201d, escreveu.<\/p>\n<p class=\"jarvics:base-text-neutral-high-400 base-text-[calc(theme(fontSize.xs)_*_var(--font-size,_1))] base-font-normal base-font-primary base-text-neutral-low-500 base-text-left\">Apesar do momento delicado, ele demonstrou confian\u00e7a na recupera\u00e7\u00e3o da filha. \u201cTemos nossa confian\u00e7a\u201d.<\/p>\n<p class=\"jarvics:base-text-neutral-high-400 base-text-[calc(theme(fontSize.xs)_*_var(--font-size,_1))] base-font-normal base-font-primary base-text-neutral-low-500 base-text-left\">Na \u00faltima segunda-feira (15), Lucas Borbas, marido de Isabel, <a href=\"https:\/\/entretenimento.r7.com\/famosos-e-tv\/isabel-veloso-esta-sedada-e-estavel-e-familia-aguarda-resultado-de-nova-biopsia-15122025\/\" target=\"_self\" rel=\"nofollow noopener\" title=\"https:\/\/entretenimento.r7.com\/famosos-e-tv\/isabel-veloso-esta-sedada-e-estavel-e-familia-aguarda-resultado-de-nova-biopsia-15122025\/\">atualizou o estado de sa\u00fade dela<\/a>. Ele informou que a influenciadora segue sedada e est\u00e1vel, enquanto a fam\u00edlia aguarda pelo resultado de exames.<\/p>\n<p>O estado de sa\u00fade de Isabel Veloso<\/p>\n<p class=\"jarvics:base-text-neutral-high-400 base-text-[calc(theme(fontSize.xs)_*_var(--font-size,_1))] base-font-normal base-font-primary base-text-neutral-low-500 base-text-left\">Isabel est\u00e1 internada no Hospital de Curitiba desde 26 de novembro. Os exames apontaram um excesso de magn\u00e9sio no sangue e ela chegou a ser transferida para Unidade de Terapia Intensiva (UTI), mas teve alta e continuou o tratamento no quarto.<\/p>\n<p class=\"jarvics:base-text-neutral-high-400 base-text-[calc(theme(fontSize.xs)_*_var(--font-size,_1))] base-font-normal base-font-primary base-text-neutral-low-500 base-text-left\">Poucos dias depois, a influenciadora foi internada novamente na UTI, ap\u00f3s ser diagnosticada com um quadro grave de pneumonia, e no \u00faltimo dia 4, foi entubada pela segunda vez.<\/p>\n<p class=\"jarvics:base-text-neutral-high-400 base-text-[calc(theme(fontSize.xs)_*_var(--font-size,_1))] base-font-normal base-font-primary base-text-neutral-low-500 base-text-left\">A jovem de 19 anos foi diagnosticada em 2021 com um linfoma de Hodgkin, <a href=\"https:\/\/www.r7.com\/tudo-sobre\/cancer\/\" target=\"_self\" rel=\"nofollow noopener\" title=\"https:\/\/www.r7.com\/tudo-sobre\/cancer\/\">c\u00e2ncer<\/a> agressivo que se origina no sistema linf\u00e1tico e passou por tratamento paliativo por anos. Em maio de 2025, ela revelou que a doen\u00e7a estava em remiss\u00e3o, contrariando o progn\u00f3stico de muitos m\u00e9dicos, e em outubro, ela passou por um transplante de medula.<\/p>\n<p><video controls=\"\" class=\"video-js\" preload=\"metadata\" poster=\"https:\/\/d22yf0mxeu0gma.cloudfront.net\/09-05-2024\/t_0f73fa907e0e4eeaa9b28c750a05289d_name_THUMBS_EXTRAS_DOMINGO_ESPETACULAR__2_.jpg\" title=\"Isabel Veloso poderia engravidar mesmo com c&#xE2;ncer? Oncologista explica | O Hospital Responde\" data-sprite-url=\"\" data-metadata=\"{&quot;title&quot;:&quot;Isabel Veloso poderia engravidar mesmo com c&#xE2;ncer? Oncologista explica | O Hospital Responde&quot;,&quot;sectionName&quot;:&quot;R7&quot;,&quot;mainSection&quot;:&quot;Famosos e TV&quot;,&quot;subSection&quot;:&quot;&quot;,&quot;views&quot;:&quot;&quot;,&quot;disableAdv&quot;:&quot;false&quot;,&quot;createdDate&quot;:&quot;2024-09-05T20:02:58Z&quot;,&quot;mainSectionUrl&quot;:&quot;https:\/\/record.r7.com\/domingo-espetacular\/conteudo-exclusivo\/o-hospital-responde\/video\/isabel-veloso-poderia-engravidar-mesmo-com-cancer-oncologista-explica-o-hospital-responde-07092024\/&quot;,&quot;sectionPath&quot;:&quot;https:\/\/record.r7.com\/domingo-espetacular\/conteudo-exclusivo\/o-hospital-responde&quot;,&quot;ageRating&quot;:&quot;&quot;,&quot;ageRatingDescription&quot;:&quot;&quot;,&quot;duration&quot;:183786,&quot;playerUrl&quot;:&quot;https:\/\/record.r7.com\/player\/b72a4175-1ced-4153-8c02-3f377233fd5d\/&quot;}\" data-player-params=\"{&quot;p&quot;:&quot;true&quot;,&quot;autoPlay&quot;:&quot;false&quot;,&quot;logo&quot;:&quot;true&quot;,&quot;playlistId&quot;:&quot;false&quot;,&quot;calhau&quot;:&quot;false&quot;,&quot;share&quot;:&quot;true&quot;,&quot;sz&quot;:&quot;false&quot;,&quot;full&quot;:&quot;true&quot;,&quot;customAdHash&quot;:&quot;\/7542\/R7entretenimento\/famosostv&quot;,&quot;referrerUrl&quot;:&quot;&quot;,&quot;externalLinks&quot;:&quot;true&quot;,&quot;debug&quot;:&quot;false&quot;,&quot;debugHash&quot;:&quot;false&quot;,&quot;debugRelated&quot;:&quot;false&quot;,&quot;timerRelated&quot;:&quot;true&quot;,&quot;logoRecord&quot;:&quot;false&quot;,&quot;contextModal&quot;:&quot;false&quot;,&quot;parentUrl&quot;:&quot;https:\/\/record.r7.com\/&quot;,&quot;t&quot;:&quot;0&quot;,&quot;noTitle&quot;:false,&quot;endBehavior&quot;:&quot;default&quot;}\" data-related-videos=\"[{&quot;title&quot;:&quot;Pedras nos rins: tudo o que voc&#xEA; precisa saber | O Hospital Responde&quot;,&quot;thumb&quot;:&quot;https:\/\/d22yf0mxeu0gma.cloudfront.net\/12-04-2025\/t_8b131e3935a648378e9b511106f3b12d_name_GERAL_THUMBS_YOUTUBE_2025__78_.jpg&quot;,&quot;url&quot;:&quot;https:\/\/record.r7.com\/domingo-espetacular\/conteudo-exclusivo\/o-hospital-responde\/video\/pedras-nos-rins-tudo-o-que-voce-precisa-saber-o-hospital-responde-06122025\/&quot;,&quot;embedUrl&quot;:&quot;https:\/\/record.r7.com\/player\/e5b1a2a5-088c-482f-81e8-933449b31003\/&quot;},{&quot;title&quot;:&quot;Abscesso: o que &#xE9;, causas e tratamento | O Hospital Responde&quot;,&quot;thumb&quot;:&quot;https:\/\/d22yf0mxeu0gma.cloudfront.net\/11-28-2025\/t_230aec5f68a64d499e35f00b1a401b82_name_GERAL_THUMBS_YOUTUBE_2025__2_.jpg&quot;,&quot;url&quot;:&quot;https:\/\/record.r7.com\/domingo-espetacular\/conteudo-exclusivo\/o-hospital-responde\/video\/abscesso-o-que-e-causas-e-tratamento-o-hospital-responde-29112025\/&quot;,&quot;embedUrl&quot;:&quot;https:\/\/record.r7.com\/player\/9e9b869d-ca48-4e58-b43a-d2a61389f560\/&quot;},{&quot;title&quot;:&quot;Trombofilia: tudo o que voc&#xEA; precisa saber | O Hospital Responde&quot;,&quot;thumb&quot;:&quot;https:\/\/d22yf0mxeu0gma.cloudfront.net\/11-20-2025\/t_54aba7fb12824c28a2b2b55e8def9055_name_GERAL_THUMBS_YOUTUBE_2025___2025_11_20T181717_960.jpg&quot;,&quot;url&quot;:&quot;https:\/\/record.r7.com\/domingo-espetacular\/conteudo-exclusivo\/o-hospital-responde\/video\/trombofilia-tudo-o-que-voce-precisa-saber-o-hospital-responde-22112025\/&quot;,&quot;embedUrl&quot;:&quot;https:\/\/record.r7.com\/player\/05144049-429f-4973-84d8-5101717e025a\/&quot;}]\" data-player-url=\"https:\/\/record.r7.com\/player\/b72a4175-1ced-4153-8c02-3f377233fd5d\/\" data-arc-video=\"\" data-arc-id=\"b72a4175-1ced-4153-8c02-3f377233fd5d\" data-short=\"false\" style=\"visibility:hidden\"><\/video><\/p>\n<p class=\"jarvics:base-text-neutral-high-400 base-text-[calc(theme(fontSize.xs)_*_var(--font-size,_1))] base-font-normal base-font-primary base-text-neutral-low-500 base-text-left\"><b>Para saber tudo do mundo dos famosos, <\/b><a href=\"https:\/\/whatsapp.com\/channel\/0029Va9UfKcHQbRyCyhPt71R\" rel=\"nofollow noopener\" target=\"_blank\"><b>siga o canal de entretenimento do R7<\/b><\/a><b>, o portal de not\u00edcias da RECORD, no WhatsApp<\/b><\/p>\n","protected":false},"excerpt":{"rendered":"LEIA AQUI O RESUMO DA NOT\u00cdCIA Joelson Veloso desabafa sobre a sa\u00fade da filha, Isabel Veloso, internada desde&hellip;\n","protected":false},"author":2,"featured_media":191989,"comment_status":"","ping_status":"","sticky":false,"template":"","format":"standard","meta":{"footnotes":""},"categories":[145],"tags":[211,210,114,115,980,7733,32,33,151],"class_list":{"0":"post-191988","1":"post","2":"type-post","3":"status-publish","4":"format-standard","5":"has-post-thumbnail","7":"category-celebridades","8":"tag-celebridades","9":"tag-celebrities","10":"tag-entertainment","11":"tag-entretenimento","12":"tag-famosos","13":"tag-isabel-veloso","14":"tag-portugal","15":"tag-pt","16":"tag-tv"},"share_on_mastodon":{"url":"https:\/\/pubeurope.com\/@pt\/115735025899827705","error":""},"_links":{"self":[{"href":"https:\/\/www.europesays.com\/pt\/wp-json\/wp\/v2\/posts\/191988","targetHints":{"allow":["GET"]}}],"collection":[{"href":"https:\/\/www.europesays.com\/pt\/wp-json\/wp\/v2\/posts"}],"about":[{"href":"https:\/\/www.europesays.com\/pt\/wp-json\/wp\/v2\/types\/post"}],"author":[{"embeddable":true,"href":"https:\/\/www.europesays.com\/pt\/wp-json\/wp\/v2\/users\/2"}],"replies":[{"embeddable":true,"href":"https:\/\/www.europesays.com\/pt\/wp-json\/wp\/v2\/comments?post=191988"}],"version-history":[{"count":0,"href":"https:\/\/www.europesays.com\/pt\/wp-json\/wp\/v2\/posts\/191988\/revisions"}],"wp:featuredmedia":[{"embeddable":true,"href":"https:\/\/www.europesays.com\/pt\/wp-json\/wp\/v2\/media\/191989"}],"wp:attachment":[{"href":"https:\/\/www.europesays.com\/pt\/wp-json\/wp\/v2\/media?parent=191988"}],"wp:term":[{"taxonomy":"category","embeddable":true,"href":"https:\/\/www.europesays.com\/pt\/wp-json\/wp\/v2\/categories?post=191988"},{"taxonomy":"post_tag","embeddable":true,"href":"https:\/\/www.europesays.com\/pt\/wp-json\/wp\/v2\/tags?post=191988"}],"curies":[{"name":"wp","href":"https:\/\/api.w.org\/{rel}","templated":true}]}}