{"id":192031,"date":"2025-12-17T13:42:09","date_gmt":"2025-12-17T13:42:09","guid":{"rendered":"https:\/\/www.europesays.com\/pt\/192031\/"},"modified":"2025-12-17T13:42:09","modified_gmt":"2025-12-17T13:42:09","slug":"kelly-piquet-divulga-foto-inedita-da-filha-cacula-e-de-momento-ao-lado-de-max-verstappen","status":"publish","type":"post","link":"https:\/\/www.europesays.com\/pt\/192031\/","title":{"rendered":"Kelly Piquet divulga foto in\u00e9dita da filha ca\u00e7ula e de momento ao lado de Max Verstappen"},"content":{"rendered":"<p>A modelo\u00a0<a href=\"https:\/\/caras.com.br\/tags\/kelly-piquet\" target=\"_blank\" rel=\"noopener nofollow\"><strong>Kelly Piquet<\/strong><\/a> compartilhou com os seguidores <a href=\"https:\/\/caras.com.br\/bebe\/kelly-piquet-posta-fotos-ineditas-com-lily-sua-filha-com-max-verstappen.phtml\" rel=\"nofollow noopener\" target=\"_blank\">das redes sociais nesta<\/a> ter\u00e7a-feira, 16, uma sequ\u00eancia de fotos que mostram como celebrou seus 37 anos ao lado do marido, o piloto de F\u00f3rmula 1 <a href=\"https:\/\/caras.com.br\/tags\/max-verstappen\" rel=\"nofollow noopener\" target=\"_blank\"><strong>Max Verstappen<\/strong><\/a>, e de pessoas pr\u00f3ximas.<\/p>\n<p>A modelo publicou um carrossel em seu perfil no Instagram com registros da comemora\u00e7\u00e3o, incluindo um bolo na cor rosa em formato de cora\u00e7\u00e3o, cupcakes com velas, um brinde especial e at\u00e9 uma foto da filha ca\u00e7ula, Lily. O <a href=\"https:\/\/caras.com.br\/bebe\/nasce-primeira-filha-de-kelly-piquet-e-max-verstappen-nosso-maior-presente.phtml\" rel=\"nofollow noopener\" target=\"_blank\">nascimento da pequena foi anunciado no dia 2 de maio.<\/a><\/p>\n<p>Nos registros, ela tamb\u00e9m aparece em clima de romance ao lado do marido. Veja as fotos:<\/p>\n<p> <img loading=\"lazy\" decoding=\"async\" class=\"size-full wp-image-1045654 img-fluid lazy\" alt=\"\u00c1lbum de fotos de Kelly Piquet \u2014 Foto: Reprodu\u00e7\u00e3o\/Instagram @kellypiquet\" width=\"1080\" height=\"1292\" src=\"https:\/\/caras.com.br\/wp-content\/uploads\/2025\/12\/Birthday-pinks-and-blackwhites-\ud83d\udc98-4.jpg\"  \/>\u00c1lbum de fotos de Kelly Piquet \u2014 Foto: Reprodu\u00e7\u00e3o\/Instagram @kellypiquet <img loading=\"lazy\" decoding=\"async\" class=\"size-full wp-image-1045655 img-fluid lazy\" alt=\"\u00c1lbum de fotos de Kelly Piquet \u2014 Foto: Reprodu\u00e7\u00e3o\/Instagram @kellypiquet\" width=\"1080\" height=\"1297\" src=\"https:\/\/caras.com.br\/wp-content\/uploads\/2025\/12\/Birthday-pinks-and-blackwhites-\ud83d\udc98-3.jpg\"  \/>\u00c1lbum de fotos de Kelly Piquet \u2014 Foto: Reprodu\u00e7\u00e3o\/Instagram @kellypiquet <img loading=\"lazy\" decoding=\"async\" class=\"size-full wp-image-1045656 img-fluid lazy\" alt=\"\u00c1lbum de fotos de Kelly Piquet \u2014 Foto: Reprodu\u00e7\u00e3o\/Instagram @kellypiquet\" width=\"1080\" height=\"1297\" src=\"https:\/\/caras.com.br\/wp-content\/uploads\/2025\/12\/Birthday-pinks-and-blackwhites-\ud83d\udc98-2.jpg\"  \/>\u00c1lbum de fotos de Kelly Piquet \u2014 Foto: Reprodu\u00e7\u00e3o\/Instagram @kellypiquet <img loading=\"lazy\" decoding=\"async\" class=\"size-full wp-image-1045657 img-fluid lazy\" alt=\"\u00c1lbum de fotos de Kelly Piquet \u2014 Foto: Reprodu\u00e7\u00e3o\/Instagram @kellypiquet\" width=\"1080\" height=\"1297\" src=\"https:\/\/caras.com.br\/wp-content\/uploads\/2025\/12\/Birthday-pinks-and-blackwhites-\ud83d\udc98-1.jpg\"  \/>\u00c1lbum de fotos de Kelly Piquet \u2014 Foto: Reprodu\u00e7\u00e3o\/Instagram @kellypiquet <img loading=\"lazy\" decoding=\"async\" class=\"size-full wp-image-1045658 img-fluid lazy\" alt=\"\u00c1lbum de fotos de Kelly Piquet \u2014 Foto: Reprodu\u00e7\u00e3o\/Instagram @kellypiquet\" width=\"1080\" height=\"1297\" src=\"https:\/\/caras.com.br\/wp-content\/uploads\/2025\/12\/Birthday-pinks-and-blackwhites-\ud83d\udc98.jpg\"  \/>\u00c1lbum de fotos de Kelly Piquet \u2014 Foto: Reprodu\u00e7\u00e3o\/Instagram @kellypiquet Como foi o an\u00fancio do nascimento da filha de Kelly Piquet? <\/p>\n<p>Em uma publica\u00e7\u00e3o nas redes sociais, o piloto de F\u00f3rmula 1 compartilhou as primeiras fotos da beb\u00ea, Lily, pouco ap\u00f3s o nascimento. Na legenda, Verstappen celebrou a chegada da filha: \u201cBem-vinda ao mundo, doce Lily. Nossos cora\u00e7\u00f5es est\u00e3o mais cheios do que nunca \u2014 voc\u00ea \u00e9 o nosso maior presente. N\u00f3s te amamos muito\u201d, escreveu.<\/p>\n<p>\t O relacionamento de Kelly Piquet e Max Verstappen <\/p>\n<p>Vale lembrar que Max Verstappen e Kelly Piquet est\u00e3o juntos h\u00e1 cerca de cinco anos. Filha do ex-piloto Nelson Piquet com a modelo Sylvia Tamsma, Kelly nasceu na Alemanha e se mudou para o Brasil aos 12 anos, al\u00e9m de j\u00e1 ter vivido na Fran\u00e7a, Inglaterra e Estados Unidos. Aos 35 anos, ela mant\u00e9m discri\u00e7\u00e3o sobre a vida pessoal e profissional.<\/p>\n<p>Kelly j\u00e1 trabalhou no universo da moda e nas redes sociais. Ela tamb\u00e9m \u00e9 m\u00e3e de Pen\u00e9lope, de cinco anos, fruto de seu relacionamento anterior com o ex-piloto russo Daniil Kvyat, que estreou na F\u00f3rmula 1 em 2014.<\/p>\n<p><strong>Leia tamb\u00e9m<\/strong>:\u00a0<a href=\"https:\/\/caras.com.br\/esporte\/namorado-da-filha-de-nelson-piquet-e-o-piloto-mais-bem-pago-da-f1.phtml\" target=\"_blank\" rel=\"noopener nofollow\">Namorado da filha de Nelson Piquet \u00e9 o piloto mais bem pago da F1<\/a><\/p>\n<blockquote class=\"instagram-media\" style=\"background: #FFF; border: 0; border-radius: 3px; box-shadow: 0 0 1px 0 rgba(0,0,0,0.5),0 1px 10px 0 rgba(0,0,0,0.15); margin: 1px; max-width: 540px; min-width: 326px; padding: 0; width: calc(100% - 2px);\" data-instgrm-captioned=\"\" data-instgrm-permalink=\"https:\/\/www.instagram.com\/p\/DSVaIbljP8q\/?utm_source=ig_embed&amp;utm_campaign=loading\" data-instgrm-version=\"14\"><\/blockquote>\n<p>        <a href=\"https:\/\/caras.com.br\/autor\/juliana-dracz\" rel=\"nofollow noopener\" target=\"_blank\">&#13;<br \/>\n          <img loading=\"lazy\" decoding=\"async\" alt=\"Juliana Dracz\" src=\"https:\/\/www.europesays.com\/pt\/wp-content\/uploads\/2025\/09\/436551461_2434711450057729_5105646040807821088_n_sqmd.png\" class=\"avatar avatar-115 photo rounded-circle\" height=\"115\" width=\"115\"\/>        <\/a><\/p>\n<p>Juliana Dracz \u00e9 rep\u00f3rter de conte\u00fado do site CARAS. Formada em Jornalismo pela Universidade Cat\u00f3lica de Bras\u00edlia, ela j\u00e1 trabalhou em grandes sites de entretenimento. Atualmente, escreve sobre novelas, celebridades e TV.<\/p>\n<ul class=\"terms-list post_tag list-inline\">\n<li class=\"kelly-piquet list-inline-item\">\n\t\t\t\t\t<a href=\"https:\/\/caras.com.br\/tags\/kelly-piquet\" class=\"item-category\" rel=\"nofollow noopener\" target=\"_blank\">Kelly Piquet<\/a>\n\t\t\t\t<\/li>\n<li class=\"max-verstappen list-inline-item\">\n\t\t\t\t\t<a href=\"https:\/\/caras.com.br\/tags\/max-verstappen\" class=\"item-category\" rel=\"nofollow noopener\" target=\"_blank\">Max Verstappen<\/a>\n\t\t\t\t<\/li>\n<\/ul>\n<p>\t                                            <script async src=\"\/\/www.instagram.com\/embed.js\"><\/script><\/p>\n","protected":false},"excerpt":{"rendered":"A modelo\u00a0Kelly Piquet compartilhou com os seguidores das redes sociais nesta ter\u00e7a-feira, 16, uma sequ\u00eancia de fotos que&hellip;\n","protected":false},"author":2,"featured_media":192032,"comment_status":"","ping_status":"","sticky":false,"template":"","format":"standard","meta":{"footnotes":""},"categories":[145],"tags":[211,210,114,115,38602,1750,32,33],"class_list":{"0":"post-192031","1":"post","2":"type-post","3":"status-publish","4":"format-standard","5":"has-post-thumbnail","7":"category-celebridades","8":"tag-celebridades","9":"tag-celebrities","10":"tag-entertainment","11":"tag-entretenimento","12":"tag-kelly-piquet","13":"tag-max-verstappen","14":"tag-portugal","15":"tag-pt"},"share_on_mastodon":{"url":"https:\/\/pubeurope.com\/@pt\/115735202941121970","error":""},"_links":{"self":[{"href":"https:\/\/www.europesays.com\/pt\/wp-json\/wp\/v2\/posts\/192031","targetHints":{"allow":["GET"]}}],"collection":[{"href":"https:\/\/www.europesays.com\/pt\/wp-json\/wp\/v2\/posts"}],"about":[{"href":"https:\/\/www.europesays.com\/pt\/wp-json\/wp\/v2\/types\/post"}],"author":[{"embeddable":true,"href":"https:\/\/www.europesays.com\/pt\/wp-json\/wp\/v2\/users\/2"}],"replies":[{"embeddable":true,"href":"https:\/\/www.europesays.com\/pt\/wp-json\/wp\/v2\/comments?post=192031"}],"version-history":[{"count":0,"href":"https:\/\/www.europesays.com\/pt\/wp-json\/wp\/v2\/posts\/192031\/revisions"}],"wp:featuredmedia":[{"embeddable":true,"href":"https:\/\/www.europesays.com\/pt\/wp-json\/wp\/v2\/media\/192032"}],"wp:attachment":[{"href":"https:\/\/www.europesays.com\/pt\/wp-json\/wp\/v2\/media?parent=192031"}],"wp:term":[{"taxonomy":"category","embeddable":true,"href":"https:\/\/www.europesays.com\/pt\/wp-json\/wp\/v2\/categories?post=192031"},{"taxonomy":"post_tag","embeddable":true,"href":"https:\/\/www.europesays.com\/pt\/wp-json\/wp\/v2\/tags?post=192031"}],"curies":[{"name":"wp","href":"https:\/\/api.w.org\/{rel}","templated":true}]}}