{"id":192119,"date":"2025-12-17T15:02:16","date_gmt":"2025-12-17T15:02:16","guid":{"rendered":"https:\/\/www.europesays.com\/pt\/192119\/"},"modified":"2025-12-17T15:02:16","modified_gmt":"2025-12-17T15:02:16","slug":"prefeitura-de-volta-redonda-intensifica-acoes-de-combate-a-dengue","status":"publish","type":"post","link":"https:\/\/www.europesays.com\/pt\/192119\/","title":{"rendered":"Prefeitura de Volta Redonda intensifica a\u00e7\u00f5es de combate \u00e0 dengue"},"content":{"rendered":"<p><img decoding=\"async\" src=\"https:\/\/www.europesays.com\/pt\/wp-content\/uploads\/2025\/12\/COMBATE_A_DENGUE_SMS.jpeg\" alt=\"\"\/><\/p>\n<p style=\"text-align: center;\">Agentes de endemia e de sa\u00fade passaram por atualiza\u00e7\u00e3o e a for\u00e7a-tarefa contra o Aedes aegypti chega ao bairro Santa Cruz na quinta-feira (18)<\/p>\n<p>A Prefeitura de Volta Redonda, atendendo \u00e0 of\u00edcio da Secretaria de Estado de Sa\u00fade (SES), promoveu nessa ter\u00e7a-feira, dia 16, uma atualiza\u00e7\u00e3o sobre a campanha \u201c10 Minutos contra a Dengue\u201d. O treinamento, voltado para agentes de endemia da Vigil\u00e2ncia Ambiental e Agentes Comunit\u00e1rios de Sa\u00fade (ACS), da Aten\u00e7\u00e3o Prim\u00e1ria \u00e0 Sa\u00fade \u2013 da Secretaria Municipal de Sa\u00fade (SMS) \u2013, foi ministrado pela coordenadora da Vigil\u00e2ncia em Sa\u00fade da SMS, Milene Paula de Souza.<\/p>\n<p>\u201cA integra\u00e7\u00e3o entre os agentes de endemia e de sa\u00fade \u00e9 fundamental para fortalecer as a\u00e7\u00f5es de promo\u00e7\u00e3o, preven\u00e7\u00e3o e vigil\u00e2ncia em sa\u00fade. Permitindo a\u00e7\u00f5es mais eficientes nos territ\u00f3rios com trocas de informa\u00e7\u00f5es, principalmente nesse per\u00edodo de intensifica\u00e7\u00e3o das a\u00e7\u00f5es de combate ao Aedes aegypti. Com isso, garantindo mais cuidado e prote\u00e7\u00e3o com a sa\u00fade da popula\u00e7\u00e3o\u201d, falou o coordenador da Vigil\u00e2ncia Ambiental de Volta Redonda, Silmar Ferreira Gomes.<\/p>\n<p>F\u00e1tima, que atua como ACS da Unidade B\u00e1sica de Sa\u00fade da Fam\u00edlia (UBSF) do bairro S\u00e3o Lucas, concorda com Silmar. \u201cComo agentes comunit\u00e1rios, fazemos visitas domiciliares aos usu\u00e1rios da unidade. Assim, al\u00e9m do atendimento de sa\u00fade, podemos observar a casa, se t\u00eam pratos de plantas com \u00e1gua, algum dep\u00f3sito que possa virar um criadouro do Aedes aegypti. Ficamos atentos, fazemos uma varredura r\u00e1pida e alertamos os moradores sobre os \u201810 Minutos contra a Dengue\u2019. A dengue d\u00f3i, temos que ficar atentos\u201d, disse.<\/p>\n<p>O coordenador da Aten\u00e7\u00e3o Prim\u00e1ria \u00e0 Sa\u00fade, H\u00e1lison Vitorino, refor\u00e7ou a import\u00e2ncia do trabalho em rede e da atualiza\u00e7\u00e3o constante sobre as arboviroses, que t\u00eam a transmiss\u00e3o intensificada entre os meses de janeiro e maio.<\/p>\n<p>\u201c\u00c9 o momento de aumentar a fiscaliza\u00e7\u00e3o em casa, de eliminar os focos do mosquito Aedes aegypti \u2013 transmissor da dengue, Zika e Chicungunya. E quanto mais gente nessa luta, melhor\u201d, disse o coordenador.<\/p>\n<p>A secret\u00e1ria municipal de Sa\u00fade, M\u00e1rcia Cury, ressaltou que a intensifica\u00e7\u00e3o do combate \u00e0 dengue, principalmente neste per\u00edodo de altas temperaturas e mais chuva, \u00e9 crucial para proteger vidas, prevenir surtos e fortalecer a sa\u00fade p\u00fablica.<\/p>\n<p>\u201cA doen\u00e7a pode evoluir para quadros graves e at\u00e9 mesmo fatais, e sua preven\u00e7\u00e3o depende do esfor\u00e7o conjunto dos agentes da secretaria e de toda a comunidade\u201d, afirmou.<\/p>\n<p><strong>For\u00e7a-tarefa contra dengue<\/strong><\/p>\n<p>O bairro Santa Cruz recebe nesta quinta-feira, dia 18, a partir das 8h, a for\u00e7a-tarefa contra a dengue da Prefeitura de Volta Redonda. A a\u00e7\u00e3o \u00e9 realizada por meio de parceria entre as secretarias municipais de Sa\u00fade (atrav\u00e9s da Vigil\u00e2ncia Ambiental) e de Servi\u00e7os P\u00fablicos (SMSP).<\/p>\n<p>Os cerca de 50 agentes de endemia da Vigil\u00e2ncia Ambiental percorrem as ruas do bairro visitando as resid\u00eancias, orientando os moradores e refor\u00e7ando as a\u00e7\u00f5es de preven\u00e7\u00e3o contra a dengue. E a SMSP disponibiliza um caminh\u00e3o e uma retroescavadeira para remo\u00e7\u00e3o de m\u00f3veis, garrafas, entulhos e outros materiais que possam vir a ser criadouros do mosquito Aedes aegypti.<\/p>\n<p>O mesmo trabalho foi realizado na \u00faltima semana, no bairro Sessenta. Na ocasi\u00e3o, 903 im\u00f3veis passaram por vistoria e dois caminh\u00f5es de entulho foram retirados do bairro.<\/p>\n<p>Fotos de divulga\u00e7\u00e3o\/SMS.<br \/>Secom\/PMVR<\/p>\n<p>\t\t\t\t\t\t<a href=\"https:\/\/www.pinterest.com\/pin\/create\/button\/\" data-pin-do=\"buttonBookmark\" data-pin-color=\"red\" rel=\"nofollow noopener\" target=\"_blank\"><img decoding=\"async\" src=\"https:\/\/www.europesays.com\/pt\/wp-content\/uploads\/2025\/12\/pinit_fg_en_rect_red_20.png\" alt=\"Pin It\"\/><\/a><\/p>\n","protected":false},"excerpt":{"rendered":"Agentes de endemia e de sa\u00fade passaram por atualiza\u00e7\u00e3o e a for\u00e7a-tarefa contra o Aedes aegypti chega ao&hellip;\n","protected":false},"author":2,"featured_media":192120,"comment_status":"","ping_status":"","sticky":false,"template":"","format":"standard","meta":{"footnotes":""},"categories":[86],"tags":[7005,116,7003,32,3046,7007,7006,33,117,7010,7009,7004,7011,7008,7012],"class_list":{"0":"post-192119","1":"post","2":"type-post","3":"status-publish","4":"format-standard","5":"has-post-thumbnail","7":"category-saude","8":"tag-cidade-do-aco","9":"tag-health","10":"tag-portalvr","11":"tag-portugal","12":"tag-prefeitura","13":"tag-prefeitura-de-volta-redonda","14":"tag-prefeitura-vr","15":"tag-pt","16":"tag-saude","17":"tag-site-prefeitura-volta-redonda","18":"tag-site-volta-redonda","19":"tag-volta-redonda","20":"tag-volta-redonda-prefeitura","21":"tag-voltaredonda","22":"tag-vr-prefeitura"},"share_on_mastodon":{"url":"https:\/\/pubeurope.com\/@pt\/115735517351876422","error":""},"_links":{"self":[{"href":"https:\/\/www.europesays.com\/pt\/wp-json\/wp\/v2\/posts\/192119","targetHints":{"allow":["GET"]}}],"collection":[{"href":"https:\/\/www.europesays.com\/pt\/wp-json\/wp\/v2\/posts"}],"about":[{"href":"https:\/\/www.europesays.com\/pt\/wp-json\/wp\/v2\/types\/post"}],"author":[{"embeddable":true,"href":"https:\/\/www.europesays.com\/pt\/wp-json\/wp\/v2\/users\/2"}],"replies":[{"embeddable":true,"href":"https:\/\/www.europesays.com\/pt\/wp-json\/wp\/v2\/comments?post=192119"}],"version-history":[{"count":0,"href":"https:\/\/www.europesays.com\/pt\/wp-json\/wp\/v2\/posts\/192119\/revisions"}],"wp:featuredmedia":[{"embeddable":true,"href":"https:\/\/www.europesays.com\/pt\/wp-json\/wp\/v2\/media\/192120"}],"wp:attachment":[{"href":"https:\/\/www.europesays.com\/pt\/wp-json\/wp\/v2\/media?parent=192119"}],"wp:term":[{"taxonomy":"category","embeddable":true,"href":"https:\/\/www.europesays.com\/pt\/wp-json\/wp\/v2\/categories?post=192119"},{"taxonomy":"post_tag","embeddable":true,"href":"https:\/\/www.europesays.com\/pt\/wp-json\/wp\/v2\/tags?post=192119"}],"curies":[{"name":"wp","href":"https:\/\/api.w.org\/{rel}","templated":true}]}}