{"id":192130,"date":"2025-12-17T15:12:12","date_gmt":"2025-12-17T15:12:12","guid":{"rendered":"https:\/\/www.europesays.com\/pt\/192130\/"},"modified":"2025-12-17T15:12:12","modified_gmt":"2025-12-17T15:12:12","slug":"manuel-luis-goucha-revela-local-onde-nao-o-vao-encontrar-odeio","status":"publish","type":"post","link":"https:\/\/www.europesays.com\/pt\/192130\/","title":{"rendered":"Manuel Lu\u00eds Goucha revela local onde n\u00e3o o v\u00e3o encontrar: &#8220;Odeio&#8221;"},"content":{"rendered":"<p>O programa &#8220;Intui\u00e7\u00e3o&#8221;, da TVI, conta, nesta primeira leva, com 20 epis\u00f3dios, que est\u00e3o a ser transmitidos ao longo deste m\u00eas de dezembro.<\/p>\n<p>O futuro \u00e9 um livro em aberto e, se o formato regressar em 2026, h\u00e1 uma condi\u00e7\u00e3o da qual <a href=\"https:\/\/selfie.iol.pt\/famosos\/manuel-luis-goucha\/manuel-luis-goucha-assume-ser-fa-de-novela-da-tvi-e-elogia-atriz-ate-as-respiracoes-estao-certas\/20251210\/6939589ed34e3caad84c3494\" target=\"_blank\" rel=\"nofollow noopener\">Manuel Lu\u00eds Goucha<\/a> n\u00e3o gostaria de prescindir.<\/p>\n<p>&#8220;Espero que n\u00e3o haja sen\u00e3o na primavera, com bom tempo. Aquilo \u00e9 giro \u00e9 ao ar livre. O Jos\u00e9 Eduardo Moniz disse-me que eu poderia fazer em centros comerciais. N\u00e3o tem gra\u00e7a, aquilo \u00e9 giro \u00e9 ao ar livre. Quero ir para o Norte, por exemplo. No epis\u00f3dio da Ericeira, jogou um padre, o padre da Ericeira, que foi o concorrente. No dia a seguir, fui para a feira de Carcavelos, nunca na minha vida tinha l\u00e1 ido&#8221;, come\u00e7ou por dizer o apresentador, \u00e0 margem da emiss\u00e3o especial da TVI &#8220;H\u00e1 Festa no Hospital&#8221;, que se realizou no passado dia 9, no Hospital Dona Estef\u00e2nia.<\/p>\n<p>&#8220;Ir para um centro comercial? Odeio! Eu n\u00e3o vou a centros comerciais&#8221;, findou Manuel Lu\u00eds Goucha.<\/p>\n","protected":false},"excerpt":{"rendered":"O programa &#8220;Intui\u00e7\u00e3o&#8221;, da TVI, conta, nesta primeira leva, com 20 epis\u00f3dios, que est\u00e3o a ser transmitidos ao&hellip;\n","protected":false},"author":2,"featured_media":192131,"comment_status":"","ping_status":"","sticky":false,"template":"","format":"standard","meta":{"footnotes":""},"categories":[142],"tags":[6973,114,115,741,980,32964,3416,619,32,33,1012,151,162],"class_list":{"0":"post-192130","1":"post","2":"type-post","3":"status-publish","4":"format-standard","5":"has-post-thumbnail","7":"category-tv","8":"tag-apresentador","9":"tag-entertainment","10":"tag-entretenimento","11":"tag-entrevista","12":"tag-famosos","13":"tag-intuicao","14":"tag-manuel-luis-goucha","15":"tag-nacional","16":"tag-portugal","17":"tag-pt","18":"tag-selfie","19":"tag-tv","20":"tag-tvi"},"share_on_mastodon":{"url":"https:\/\/pubeurope.com\/@pt\/115735556815578323","error":""},"_links":{"self":[{"href":"https:\/\/www.europesays.com\/pt\/wp-json\/wp\/v2\/posts\/192130","targetHints":{"allow":["GET"]}}],"collection":[{"href":"https:\/\/www.europesays.com\/pt\/wp-json\/wp\/v2\/posts"}],"about":[{"href":"https:\/\/www.europesays.com\/pt\/wp-json\/wp\/v2\/types\/post"}],"author":[{"embeddable":true,"href":"https:\/\/www.europesays.com\/pt\/wp-json\/wp\/v2\/users\/2"}],"replies":[{"embeddable":true,"href":"https:\/\/www.europesays.com\/pt\/wp-json\/wp\/v2\/comments?post=192130"}],"version-history":[{"count":0,"href":"https:\/\/www.europesays.com\/pt\/wp-json\/wp\/v2\/posts\/192130\/revisions"}],"wp:featuredmedia":[{"embeddable":true,"href":"https:\/\/www.europesays.com\/pt\/wp-json\/wp\/v2\/media\/192131"}],"wp:attachment":[{"href":"https:\/\/www.europesays.com\/pt\/wp-json\/wp\/v2\/media?parent=192130"}],"wp:term":[{"taxonomy":"category","embeddable":true,"href":"https:\/\/www.europesays.com\/pt\/wp-json\/wp\/v2\/categories?post=192130"},{"taxonomy":"post_tag","embeddable":true,"href":"https:\/\/www.europesays.com\/pt\/wp-json\/wp\/v2\/tags?post=192130"}],"curies":[{"name":"wp","href":"https:\/\/api.w.org\/{rel}","templated":true}]}}