{"id":192144,"date":"2025-12-17T15:21:17","date_gmt":"2025-12-17T15:21:17","guid":{"rendered":"https:\/\/www.europesays.com\/pt\/192144\/"},"modified":"2025-12-17T15:21:17","modified_gmt":"2025-12-17T15:21:17","slug":"sete-pescadores-indonesios-desaparecidos-no-mar-em-tres-dias-em-caminha-e-aveiro","status":"publish","type":"post","link":"https:\/\/www.europesays.com\/pt\/192144\/","title":{"rendered":"Sete pescadores indon\u00e9sios desaparecidos no mar em tr\u00eas dias, em Caminha e Aveiro"},"content":{"rendered":"<p data-remotead-prev-elm=\"true\" data-remotead-elm-id=\"inread\">Sete homens, da Indon\u00e9sia, continuavam desaparecidos no mar ao final de ter\u00e7a-feira. Quatro s\u00e3o da embarca\u00e7\u00e3o de pesca ao espadarte Carlos Cunha, pertencente ao armador Ant\u00f3nio Cunha, de Vila Praia de \u00c2ncora, que naufragou na ter\u00e7a-feira de manh\u00e3, a cerca de 370 quil\u00f3metros ao largo de Aveiro. E tr\u00eas do barco de pesca costeira Vila de Caminha, do armador Nuno Castro, que virou entre a barra de Caminha e a ilha da \u00cdnsua, ap\u00f3s sofrer uma avaria mec\u00e2nica e ser colhido por um golpe de mar.<\/p>\n","protected":false},"excerpt":{"rendered":"Sete homens, da Indon\u00e9sia, continuavam desaparecidos no mar ao final de ter\u00e7a-feira. Quatro s\u00e3o da embarca\u00e7\u00e3o de pesca&hellip;\n","protected":false},"author":2,"featured_media":192145,"comment_status":"","ping_status":"","sticky":false,"template":"","format":"standard","meta":{"footnotes":""},"categories":[10],"tags":[27,28,15,16,14,25,26,21,22,619,2758,12,13,19,20,9868,21461,32,23,24,33,17,18,29,30,31],"class_list":{"0":"post-192144","1":"post","2":"type-post","3":"status-publish","4":"format-standard","5":"has-post-thumbnail","7":"category-portugal","8":"tag-breaking-news","9":"tag-breakingnews","10":"tag-featured-news","11":"tag-featurednews","12":"tag-headlines","13":"tag-latest-news","14":"tag-latestnews","15":"tag-main-news","16":"tag-mainnews","17":"tag-nacional","18":"tag-naufragio","19":"tag-news","20":"tag-noticias","21":"tag-noticias-principais","22":"tag-noticiasprincipais","23":"tag-pesca","24":"tag-pescadores","25":"tag-portugal","26":"tag-principais-noticias","27":"tag-principaisnoticias","28":"tag-pt","29":"tag-top-stories","30":"tag-topstories","31":"tag-ultimas","32":"tag-ultimas-noticias","33":"tag-ultimasnoticias"},"share_on_mastodon":{"url":"https:\/\/pubeurope.com\/@pt\/115735591978554514","error":""},"_links":{"self":[{"href":"https:\/\/www.europesays.com\/pt\/wp-json\/wp\/v2\/posts\/192144","targetHints":{"allow":["GET"]}}],"collection":[{"href":"https:\/\/www.europesays.com\/pt\/wp-json\/wp\/v2\/posts"}],"about":[{"href":"https:\/\/www.europesays.com\/pt\/wp-json\/wp\/v2\/types\/post"}],"author":[{"embeddable":true,"href":"https:\/\/www.europesays.com\/pt\/wp-json\/wp\/v2\/users\/2"}],"replies":[{"embeddable":true,"href":"https:\/\/www.europesays.com\/pt\/wp-json\/wp\/v2\/comments?post=192144"}],"version-history":[{"count":0,"href":"https:\/\/www.europesays.com\/pt\/wp-json\/wp\/v2\/posts\/192144\/revisions"}],"wp:featuredmedia":[{"embeddable":true,"href":"https:\/\/www.europesays.com\/pt\/wp-json\/wp\/v2\/media\/192145"}],"wp:attachment":[{"href":"https:\/\/www.europesays.com\/pt\/wp-json\/wp\/v2\/media?parent=192144"}],"wp:term":[{"taxonomy":"category","embeddable":true,"href":"https:\/\/www.europesays.com\/pt\/wp-json\/wp\/v2\/categories?post=192144"},{"taxonomy":"post_tag","embeddable":true,"href":"https:\/\/www.europesays.com\/pt\/wp-json\/wp\/v2\/tags?post=192144"}],"curies":[{"name":"wp","href":"https:\/\/api.w.org\/{rel}","templated":true}]}}