{"id":192150,"date":"2025-12-17T15:24:15","date_gmt":"2025-12-17T15:24:15","guid":{"rendered":"https:\/\/www.europesays.com\/pt\/192150\/"},"modified":"2025-12-17T15:24:15","modified_gmt":"2025-12-17T15:24:15","slug":"belezas-para-quem-quer-ver","status":"publish","type":"post","link":"https:\/\/www.europesays.com\/pt\/192150\/","title":{"rendered":"Belezas para quem quer ver"},"content":{"rendered":"<p>Tem um chiste que diz em forma de pergunta: queres que eu desenhe? Pois os professores e arquitetos Helton Bello e Merino Xavier resolveram desenhar as belezas de uma cidade que vive um processo de nega\u00e7\u00e3o, de vis\u00edvel autoflagelo. Com as lentes apuradas do fot\u00f3grafo Ricardo Calovi, produziram Porto Alegre, Arquitetura e Contexto Urbano (editora Libretos), lan\u00e7ado na Feira do Livro. Verdadeiro presente de Natal.<\/p>\n<p>Na <a href=\"https:\/\/www.matinal.org\/opiniao\/sou-daqui\/\" rel=\"noreferrer nofollow noopener\" target=\"_blank\">\u00faltima coluna<\/a> ironizei o presente que o Prefeito Melo e a Comandante Nadia queriam dar para o Mercado Imobili\u00e1rio. N\u00e3o ficou pronto a tempo, felizmente! Que tal dar esse guia com as 154 obras que o comp\u00f5em? V\u00e1 que o Mercado se apaixone pela cidade e desista dos seus espig\u00f5es. N\u00e3o custa tentar&#8230;<\/p>\n<p>\u00c9 Natal, vou dar uma tr\u00e9gua, sem mais ironias. Deixo essa luta indigesta para o ano que vem. O que eu quero \u00e9 falar do trabalho primoroso de pesquisa, reda\u00e7\u00e3o e excelente padr\u00e3o gr\u00e1fico desse livro. N\u00e3o t\u00ednhamos nada parecido em amplitude e qualidade. A cidade agradece. Agora temos documentado em livro aquilo que principalmente forasteiros n\u00e3o se cansam de apontar: um riqu\u00edssimo patrim\u00f4nio de arquitetura constru\u00eddo.<\/p>\n<p><img decoding=\"async\" src=\"https:\/\/www.europesays.com\/pt\/wp-content\/uploads\/2025\/12\/Captura-de-Tela-2025-12-16-a--s-07.24.35-1.png\" class=\"kg-image\" alt=\"\" loading=\"lazy\" width=\"300\" height=\"423\"\/><\/p>\n<p>Durante um bom tempo servi de guia tur\u00edstico-arquitet\u00f4nico para artistas, arquitetos, amigos e parentes que nos visitavam a trabalho ou turismo. Deles, ouvia, de forma un\u00e2nime, elogios \u00e0 qualidade urban\u00edstica e arquitet\u00f4nica da cidade. A baixa altura das edifica\u00e7\u00f5es, o patrim\u00f4nio ecl\u00e9tico e art-dec\u00f4, a arboriza\u00e7\u00e3o intensa e, claro, a beleza da orla e a ondula\u00e7\u00e3o suave dos morros faziam h\u00f3spedes ilustres suspirarem. Nunca vou esquecer a express\u00e3o de regozijo de Richard Serra tomando chopp no Chal\u00e9 da Pra\u00e7a XV ou das exclama\u00e7\u00f5es de entusiasmo de David Libeskind diante do nosso patrim\u00f4nio ecl\u00e9tico.<\/p>\n<blockquote class=\"kg-blockquote-alt\"><p>Se eu tivesse sido met\u00f3dico, anotando o nome de cada personagem e suas impress\u00f5es, hoje teria um calhama\u00e7o de depoimentos que nos ajudariam a proteger o que ainda est\u00e1 de p\u00e9. <\/p><\/blockquote>\n<p>A opini\u00e3o de forasteiros sempre vale mais&#8230; Teria colecionado depoimentos espont\u00e2neos como o que recebi do arquiteto paulista Samuel Kruchin, depois de t\u00ea-lo presenteado com o livro:<\/p>\n<p>\u201cSim, \u00e9 um guia, e n\u00e3o nos indica apenas percursos e edi\ufb01ca\u00e7\u00f5es, mas vai al\u00e9m, nomeia um lugar, quando re\u00fane \u2013 assim mesmo, re-unir \u2013 o que estava, para mim, e talvez para muitos, disperso, ausente de autores e de reconhecimento de seu signi\ufb01cado e import\u00e2ncia. Nomeia o que eram espa\u00e7os de vida, de viv\u00eancia sens\u00edvel, para este ga\u00facho estrangeiro que sou, e que agora ganham a for\u00e7a do entendimento, a clareza da hist\u00f3ria, a frui\u00e7\u00e3o de sua particular beleza tornando-se intelig\u00edvel. Explicita uma identidade, Porto Alegre, d\u00e1 contorno a ela e mostra um patrim\u00f4nio muito presente ainda e muito rico, de grande qualidade e for\u00e7a. Esse esp\u00edrito percebo tamb\u00e9m na luz das fotogra\ufb01as: \u00e9 a luz do sul, uma luz levemente fria, muito ga\u00facha.\u201d<\/p>\n<p>A sugest\u00e3o est\u00e1 dada, presenteie ou presenteie-se com Porto Alegre para reavivar o amor pela cidade. Ano que vem vamos precisar da for\u00e7a dos enamorados para defend\u00ea-la. Por enquanto, boas festas.<\/p>\n<p>\nAs opini\u00f5es emitidas por colunistas n\u00e3o expressam necessariamente a posi\u00e7\u00e3o editorial da Matinal.<\/p>\n","protected":false},"excerpt":{"rendered":"Tem um chiste que diz em forma de pergunta: queres que eu desenhe? Pois os professores e arquitetos&hellip;\n","protected":false},"author":2,"featured_media":192151,"comment_status":"","ping_status":"","sticky":false,"template":"","format":"standard","meta":{"footnotes":""},"categories":[144],"tags":[207,205,206,203,201,202,204,114,115,32,33],"class_list":{"0":"post-192150","1":"post","2":"type-post","3":"status-publish","4":"format-standard","5":"has-post-thumbnail","7":"category-arte-e-design","8":"tag-arte","9":"tag-arte-e-design","10":"tag-artedesign","11":"tag-arts","12":"tag-arts-and-design","13":"tag-artsanddesign","14":"tag-design","15":"tag-entertainment","16":"tag-entretenimento","17":"tag-portugal","18":"tag-pt"},"share_on_mastodon":{"url":"https:\/\/pubeurope.com\/@pt\/115735604109604903","error":""},"_links":{"self":[{"href":"https:\/\/www.europesays.com\/pt\/wp-json\/wp\/v2\/posts\/192150","targetHints":{"allow":["GET"]}}],"collection":[{"href":"https:\/\/www.europesays.com\/pt\/wp-json\/wp\/v2\/posts"}],"about":[{"href":"https:\/\/www.europesays.com\/pt\/wp-json\/wp\/v2\/types\/post"}],"author":[{"embeddable":true,"href":"https:\/\/www.europesays.com\/pt\/wp-json\/wp\/v2\/users\/2"}],"replies":[{"embeddable":true,"href":"https:\/\/www.europesays.com\/pt\/wp-json\/wp\/v2\/comments?post=192150"}],"version-history":[{"count":0,"href":"https:\/\/www.europesays.com\/pt\/wp-json\/wp\/v2\/posts\/192150\/revisions"}],"wp:featuredmedia":[{"embeddable":true,"href":"https:\/\/www.europesays.com\/pt\/wp-json\/wp\/v2\/media\/192151"}],"wp:attachment":[{"href":"https:\/\/www.europesays.com\/pt\/wp-json\/wp\/v2\/media?parent=192150"}],"wp:term":[{"taxonomy":"category","embeddable":true,"href":"https:\/\/www.europesays.com\/pt\/wp-json\/wp\/v2\/categories?post=192150"},{"taxonomy":"post_tag","embeddable":true,"href":"https:\/\/www.europesays.com\/pt\/wp-json\/wp\/v2\/tags?post=192150"}],"curies":[{"name":"wp","href":"https:\/\/api.w.org\/{rel}","templated":true}]}}