{"id":192214,"date":"2025-12-17T16:19:12","date_gmt":"2025-12-17T16:19:12","guid":{"rendered":"https:\/\/www.europesays.com\/pt\/192214\/"},"modified":"2025-12-17T16:19:12","modified_gmt":"2025-12-17T16:19:12","slug":"astronomo-propoe-nova-forma-de-detectar-vida-inteligente-anormal","status":"publish","type":"post","link":"https:\/\/www.europesays.com\/pt\/192214\/","title":{"rendered":"Astr\u00f4nomo prop\u00f5e nova forma de detectar vida inteligente: &#8216;Anormal&#8217;"},"content":{"rendered":"<p class=\"texto\">A busca por vida inteligente fora da Terra costuma mirar sinais sutis: um padr\u00e3o incomum no brilho de uma estrela, uma transmiss\u00e3o fraca perdida no ru\u00eddo c\u00f3smico. Mas o astr\u00f4nomo David Kipping, da Universidade de Columbia, em Nova York, prop\u00f5e que talvez estejamos olhando na dire\u00e7\u00e3o errada. Segundo a sua Eschatian Hypothesis, hip\u00f3tese escatiana ou escatol\u00f3gica em tradu\u00e7\u00e3o livre, a primeira civiliza\u00e7\u00e3o tecnol\u00f3gica que conseguiremos detectar provavelmente n\u00e3o ser\u00e1 t\u00edpica, discreta ou est\u00e1vel. Pelo contr\u00e1rio: deve ser anormalmente ruidosa, exibindo uma tecnoassinatura intensa e de curta dura\u00e7\u00e3o, possivelmente em sua fase final.<\/p>\n<p class=\"texto\"><strong><a href=\"https:\/\/whatsapp.com\/channel\/0029VaB1U9a002T64ex1Sy2w\" rel=\"nofollow noopener\" target=\"_blank\">Siga o canal do Correio no WhatsApp e receba as principais not\u00edcias do dia no seu celular<\/a><\/strong><\/p>\n<p class=\"texto\">A ideia nasce da reflex\u00e3o sobre como grandes descobertas astron\u00f4micas realmente acontecem: n\u00e3o encontramos primeiro o comum, mas o extravagante. Segundo Kipping, <a href=\"https:\/\/arxiv.org\/pdf\/2512.09970\" target=\"_blank\" rel=\"nofollow noopener\">em artigo ainda sem revis\u00e3o pelos pares<\/a>, a astronomia mostra um padr\u00e3o recorrente. Fen\u00f4menos mais raros s\u00e3o detectados antes dos mais abundantes quando emitem sinais intensos. Os primeiros exoplanetas confirmados orbitavam um pulsar, um cen\u00e1rio improv\u00e1vel. Hoje, entre milhares de exoplanetas catalogados, apenas uma fra\u00e7\u00e3o m\u00ednima est\u00e1 associada a estrelas desse tipo.<\/p>\n<p class=\"texto\">Algo parecido ocorre com supernovas. Embora sejam eventos espor\u00e1dicos em gal\u00e1xias como a Via L\u00e1ctea, s\u00e3o observadas em grande n\u00famero todos os anos gra\u00e7as \u00e0 luminosidade extraordin\u00e1ria que produzem. A l\u00f3gica \u00e9 simples: vemos primeiro aquilo que brilha mais, n\u00e3o aquilo que ocorre com maior frequ\u00eancia.<\/p>\n<p class=\"texto\">Kipping aplica essa l\u00f3gica \u00e0 busca por sinais de vida inteligente no Universo. Da mesma forma que estrelas gigantes e supernovas representam fases transit\u00f3rias, a primeira civiliza\u00e7\u00e3o a deixar um sinal claro pode estar vivendo um per\u00edodo extremo: tecnologicamente excessivo, energeticamente descontrolado ou estruturalmente inst\u00e1vel.<\/p>\n<p>O c\u00e1lculo que favorece o extremo<\/p>\n<p class=\"texto\">Um modelo apresentado pelo pesquisador refor\u00e7a essa conclus\u00e3o. Mesmo que uma civiliza\u00e7\u00e3o passe apenas uma fra\u00e7\u00e3o \u00ednfima de sua exist\u00eancia, algo como quatro dias em 10 mil anos, emitindo sinais intensos, pode dominar as estat\u00edsticas de detec\u00e7\u00e3o se liberar mais de 1% de toda a energia observ\u00e1vel de sua hist\u00f3ria nesse intervalo curto.<\/p>\n<p class=\"texto\">O resultado \u00e9 contraintuitivo: civiliza\u00e7\u00f5es duradouras e discretas seriam muito mais dif\u00edceis de encontrar do que sociedades atravessando uma fase excepcional, marcada por emiss\u00f5es energ\u00e9ticas fora do padr\u00e3o. Em um exemplo limite, at\u00e9 eventos autodestrutivos, como conflitos globais, poderiam produzir n\u00edveis de luminosidade detect\u00e1veis a grandes dist\u00e2ncias.<\/p>\n<p class=\"texto\">A hip\u00f3tese n\u00e3o exige decidir previamente qual tecnoassinatura procurar. Em vez disso, sugere uma abordagem ampla. Procurar qualquer anomalia dif\u00edcil de explicar por processos naturais conhecidos. Isso inclui mudan\u00e7as repentinas de brilho, espectros incomuns ou movimentos aparentes incompat\u00edveis com comportamentos astrof\u00edsicos j\u00e1 catalogados. A estrat\u00e9gia se apoia em levantamentos cont\u00ednuos e de larga escala, capazes de registrar eventos raros em tempo real.<\/p>\n<ul>\n<li><a href=\"https:\/\/wa.me\/?text=Astr%C3%B4nomo+prop%C3%B5e+nova+forma+de+detectar+vida+inteligente%3A+%22Anormal%22%20https:\/\/www.correiobraziliense.com.br\/ciencia-e-saude\/2025\/12\/7315931-astronomo-propoe-nova-forma-de-detectar-vida-inteligente-anormal.html\" target=\"_blank\" title=\"Whatsapp\" aria-label=\"WhatsApp\" rel=\"nofollow noopener\"><\/a><\/li>\n<li><a href=\"https:\/\/www.facebook.com\/sharer.php?u=https:\/\/www.correiobraziliense.com.br%2Fciencia-e-saude%2F2025%2F12%2F7315931-astronomo-propoe-nova-forma-de-detectar-vida-inteligente-anormal.html&amp;text=Astr%C3%B4nomo+prop%C3%B5e+nova+forma+de+detectar+vida+inteligente%3A+%22Anormal%22\" target=\"_blank\" title=\"Facebook\" aria-label=\"Facebook\" rel=\"nofollow noopener\"><\/a><\/li>\n<li><a href=\"https:\/\/twitter.com\/intent\/tweet?url=https:\/\/www.correiobraziliense.com.br%2Fciencia-e-saude%2F2025%2F12%2F7315931-astronomo-propoe-nova-forma-de-detectar-vida-inteligente-anormal.html&amp;text=Astr%C3%B4nomo+prop%C3%B5e+nova+forma+de+detectar+vida+inteligente%3A+%22Anormal%22\" target=\"_blank\" title=\"Twitter\" aria-label=\"Twitter\" rel=\"nofollow noopener\"><\/a><\/li>\n<li><a href=\"https:\/\/profile.google.com\/cp\/CgovbS8wNzZ0dms1\" title=\"Google Discover\" target=\"_blank\" aria-label=\"Google Discover\" rel=\"nofollow noopener\"><img decoding=\"async\" src=\"https:\/\/www.europesays.com\/pt\/wp-content\/uploads\/2025\/12\/google-discover-icon.png\" style=\"height: 25px; margin: 0 !important; margin-left: 3px;\" alt=\"Google Discover Icon\"\/><\/a><\/li>\n<\/ul>\n<p>              <a href=\"https:\/\/www.correiobraziliense.com.br\/autor\/roberto-fonseca\/page\/1\/\" style=\"height: 100%;\" rel=\"nofollow noopener\" target=\"_blank\"><img decoding=\"async\" class=\"hidden-print author-circle d-block h6 mt-0 mb-0 mr-6 text-center\" src=\"https:\/\/www.europesays.com\/pt\/wp-content\/uploads\/2025\/07\/roberto-46310799.jpg\" alt=\"\" width=\"40\" height=\"40\" loading=\"lazy\" style=\"object-fit:cover; width: 40px; height: 40px; margin-right:10px;\"\/><\/a><a href=\"https:\/\/www.correiobraziliense.com.br\/autor\/roberto-fonseca\/page\/1\/\" rel=\"nofollow noopener\" target=\"_blank\"><img decoding=\"async\" class=\"hidden-print author-circle d-block h6 mt-0 mb-0 mr-6 text-center\" src=\"https:\/\/www.europesays.com\/pt\/wp-content\/uploads\/2025\/07\/roberto-46310799.jpg\" alt=\"\" width=\"40\" height=\"40\" loading=\"lazy\" style=\"object-fit:cover; width: 40px; height: 40px; margin-right:10px;\"\/><\/a>Roberto Fonseca  <strong class=\"entryStrongAuthor\">Subeditor<\/strong><\/p>\n<p class=\"entryDescricaoAuthor\">Formado em jornalismo no UniCeub, cursou ci\u00eancia pol\u00edtica na UnB com p\u00f3s-gradua\u00e7\u00e3o em Comunica\u00e7\u00e3o Pol\u00edtica no Legislativo. \u00c9 apresentador do programa CB.Poder, da TV Bras\u00edlia<\/p>\n<p>                          <script async src=\"https:\/\/platform.twitter.com\/widgets.js\" charset=\"utf-8\"><\/script><\/p>\n","protected":false},"excerpt":{"rendered":"A busca por vida inteligente fora da Terra costuma mirar sinais sutis: um padr\u00e3o incomum no brilho de&hellip;\n","protected":false},"author":2,"featured_media":192215,"comment_status":"","ping_status":"","sticky":false,"template":"","format":"standard","meta":{"footnotes":""},"categories":[84],"tags":[109,107,108,38623,2000,32,33,105,103,104,106,110,2077,38624],"class_list":{"0":"post-192214","1":"post","2":"type-post","3":"status-publish","4":"format-standard","5":"has-post-thumbnail","7":"category-ciencia-e-tecnologia","8":"tag-ciencia","9":"tag-ciencia-e-tecnologia","10":"tag-cienciaetecnologia","11":"tag-exoplaneta","12":"tag-planeta","13":"tag-portugal","14":"tag-pt","15":"tag-science","16":"tag-science-and-technology","17":"tag-scienceandtechnology","18":"tag-technology","19":"tag-tecnologia","20":"tag-universo","21":"tag-vida-inteligente"},"share_on_mastodon":{"url":"https:\/\/pubeurope.com\/@pt\/115735820441923810","error":""},"_links":{"self":[{"href":"https:\/\/www.europesays.com\/pt\/wp-json\/wp\/v2\/posts\/192214","targetHints":{"allow":["GET"]}}],"collection":[{"href":"https:\/\/www.europesays.com\/pt\/wp-json\/wp\/v2\/posts"}],"about":[{"href":"https:\/\/www.europesays.com\/pt\/wp-json\/wp\/v2\/types\/post"}],"author":[{"embeddable":true,"href":"https:\/\/www.europesays.com\/pt\/wp-json\/wp\/v2\/users\/2"}],"replies":[{"embeddable":true,"href":"https:\/\/www.europesays.com\/pt\/wp-json\/wp\/v2\/comments?post=192214"}],"version-history":[{"count":0,"href":"https:\/\/www.europesays.com\/pt\/wp-json\/wp\/v2\/posts\/192214\/revisions"}],"wp:featuredmedia":[{"embeddable":true,"href":"https:\/\/www.europesays.com\/pt\/wp-json\/wp\/v2\/media\/192215"}],"wp:attachment":[{"href":"https:\/\/www.europesays.com\/pt\/wp-json\/wp\/v2\/media?parent=192214"}],"wp:term":[{"taxonomy":"category","embeddable":true,"href":"https:\/\/www.europesays.com\/pt\/wp-json\/wp\/v2\/categories?post=192214"},{"taxonomy":"post_tag","embeddable":true,"href":"https:\/\/www.europesays.com\/pt\/wp-json\/wp\/v2\/tags?post=192214"}],"curies":[{"name":"wp","href":"https:\/\/api.w.org\/{rel}","templated":true}]}}