{"id":192216,"date":"2025-12-17T16:20:30","date_gmt":"2025-12-17T16:20:30","guid":{"rendered":"https:\/\/www.europesays.com\/pt\/192216\/"},"modified":"2025-12-17T16:20:30","modified_gmt":"2025-12-17T16:20:30","slug":"este-pais-queria-bloquear-as-vpn-mas-recuou-rapidamente","status":"publish","type":"post","link":"https:\/\/www.europesays.com\/pt\/192216\/","title":{"rendered":"este pa\u00eds queria bloquear as VPN, mas recuou rapidamente"},"content":{"rendered":"<p>Na Dinamarca, o Ministro da Cultura queria acabar com a transmiss\u00e3o ilegal de jogos de futebol via IPTV. O plano era proibir o uso de VPN em determinados casos. Mas, perante a indigna\u00e7\u00e3o p\u00fablica, acabou por decidir retirar todas as men\u00e7\u00f5es a VPN do seu projeto de lei.<\/p>\n<p><a target=\"_blank\" href=\"https:\/\/pplware.sapo.pt\/wp-content\/uploads\/2025\/05\/vpn_iptv_2.jpg\" onclick=\"refreshIframe()\" class=\"foobox\" rel=\"nofollow noopener\"><img fetchpriority=\"high\" decoding=\"async\" src=\"https:\/\/www.europesays.com\/pt\/wp-content\/uploads\/2025\/12\/vpn_iptv_2-1024x576.jpg\" alt=\"IPTV VPN Dinamarca\" width=\"720\" height=\"405\" class=\"aligncenter size-large wp-image-1058620\"  \/><\/a>\n<\/p>\n<p>Este pa\u00eds queria bloquear as VPN para acabar com a IPTV<\/p>\n<p>N\u00e3o se trata de uma invas\u00e3o de privacidade, insistiu Jakob Engel-Schmidt, Ministro da Cultura da Dinamarca. Para combater o streaming ilegal e a IPTV, o pol\u00edtico apresentou um projeto de lei que proibiria o uso de VPN para aceder a sites bloqueados ou ilegais. O texto n\u00e3o especificava como o governo dinamarqu\u00eas pretendia implementar esta medida na pr\u00e1tica.<\/p>\n<p>Mas, perante a indigna\u00e7\u00e3o provocada pela proposta, o ministro acabou por recuar. Num comunicado <a target=\"_blank\" href=\"https:\/\/www.theregister.com\/2025\/12\/15\/denmark_vpn_ban\/?\" rel=\"nofollow noopener\">apresentando<\/a> na passada segunda-feira, 15 de dezembro, o pol\u00edtico dinamarqu\u00eas explicou que preferia retirar todas as refer\u00eancias \u00e0s VPN do seu projeto de lei. Indicou que \u201cn\u00e3o sou a favor da proibi\u00e7\u00e3o das VPN e nunca propus faz\u00ea-lo\u201d, insistiu.<\/p>\n<p>Os servi\u00e7os VPN permitem aos utilizadores da Internet alterar a sua localiza\u00e7\u00e3o e contornar as restri\u00e7\u00f5es geogr\u00e1ficas nos sites e plataformas. Estas plataformas s\u00e3o amplamente utilizadas por pol\u00edcias, jornalistas, engenheiros de ciberseguran\u00e7a e empresas. Em alguns pa\u00edses, as VPN s\u00e3o uma forma de contornar a censura na Internet. Mas tamb\u00e9m s\u00e3o utilizados para aceder a sites ilegais de streaming ou IPTV, ou para contornar medidas de bloqueio. <\/p>\n<p><a target=\"_blank\" href=\"https:\/\/pplware.sapo.pt\/wp-content\/uploads\/2023\/12\/iptv_medo_2.jpg\" onclick=\"refreshIframe()\" class=\"foobox\" rel=\"nofollow noopener\"><img loading=\"lazy\" decoding=\"async\" src=\"https:\/\/www.europesays.com\/pt\/wp-content\/uploads\/2025\/12\/iptv_medo_2-1024x576.jpg\" alt=\"IPTV VPN Dinamarca\" width=\"720\" height=\"405\" class=\"aligncenter size-large wp-image-962532\"  \/><\/a><\/p>\n<p>Na Dinamarca foi encarada com o censura por muitos<\/p>\n<p>O texto especificou que as regras atuais para combater o streaming e o IPTV ilegais j\u00e1 n\u00e3o s\u00e3o adequadas \u201cporque visam principalmente os descodificadores ilegais e outros equipamentos de descodifica\u00e7\u00e3o\u201d. Como estes descodificadores praticamente j\u00e1 n\u00e3o s\u00e3o utilizados, \u00e9 \u201cnecess\u00e1rio atualizar as regras para poderem abordar as atividades de pirataria atuais. Ao mesmo tempo, as regras devem ser sustent\u00e1veis \u200b\u200bpara serem aplic\u00e1veis \u200b\u200bnum cen\u00e1rio tecnol\u00f3gico em r\u00e1pida evolu\u00e7\u00e3o\u201d. <\/p>\n<p>O ministro dinamarqu\u00eas n\u00e3o defendia uma proibi\u00e7\u00e3o total das VPN. Reconheceram que as VPN t\u00eam muitas utiliza\u00e7\u00f5es leg\u00edtimas. Mas para os defensores da privacidade, incluindo a Electronic Frontier Foundation, a formula\u00e7\u00e3o extremamente ampla da poss\u00edvel futura lei focava-se mais a censura do que a seguran\u00e7a. <\/p>\n<p>Nas redes sociais, muitos utilizadores opuseram-se veementemente ao que foi descrito como uma \u201cproibi\u00e7\u00e3o total das VPN\u201d na Dinamarca. O ministro dinamarqu\u00eas defendeu-se, classificando as alega\u00e7\u00f5es como not\u00edcias falsas. Embora se espere que o projeto de lei dinamarqu\u00eas deixe de incluir medidas relacionadas com as VPN, a Dinamarca est\u00e1 longe de ser o \u00fanico pa\u00eds europeu a considerar medidas mais rigorosas contra estas plataformas.<\/p>\n","protected":false},"excerpt":{"rendered":"Na Dinamarca, o Ministro da Cultura queria acabar com a transmiss\u00e3o ilegal de jogos de futebol via IPTV.&hellip;\n","protected":false},"author":2,"featured_media":192217,"comment_status":"","ping_status":"","sticky":false,"template":"","format":"standard","meta":{"footnotes":""},"categories":[83],"tags":[88,4639,89,90,844,32,33,35146],"class_list":{"0":"post-192216","1":"post","2":"type-post","3":"status-publish","4":"format-standard","5":"has-post-thumbnail","7":"category-empresas","8":"tag-business","9":"tag-dinamarca","10":"tag-economy","11":"tag-empresas","12":"tag-iptv","13":"tag-portugal","14":"tag-pt","15":"tag-vpn"},"share_on_mastodon":{"url":"https:\/\/pubeurope.com\/@pt\/115735824052136543","error":""},"_links":{"self":[{"href":"https:\/\/www.europesays.com\/pt\/wp-json\/wp\/v2\/posts\/192216","targetHints":{"allow":["GET"]}}],"collection":[{"href":"https:\/\/www.europesays.com\/pt\/wp-json\/wp\/v2\/posts"}],"about":[{"href":"https:\/\/www.europesays.com\/pt\/wp-json\/wp\/v2\/types\/post"}],"author":[{"embeddable":true,"href":"https:\/\/www.europesays.com\/pt\/wp-json\/wp\/v2\/users\/2"}],"replies":[{"embeddable":true,"href":"https:\/\/www.europesays.com\/pt\/wp-json\/wp\/v2\/comments?post=192216"}],"version-history":[{"count":0,"href":"https:\/\/www.europesays.com\/pt\/wp-json\/wp\/v2\/posts\/192216\/revisions"}],"wp:featuredmedia":[{"embeddable":true,"href":"https:\/\/www.europesays.com\/pt\/wp-json\/wp\/v2\/media\/192217"}],"wp:attachment":[{"href":"https:\/\/www.europesays.com\/pt\/wp-json\/wp\/v2\/media?parent=192216"}],"wp:term":[{"taxonomy":"category","embeddable":true,"href":"https:\/\/www.europesays.com\/pt\/wp-json\/wp\/v2\/categories?post=192216"},{"taxonomy":"post_tag","embeddable":true,"href":"https:\/\/www.europesays.com\/pt\/wp-json\/wp\/v2\/tags?post=192216"}],"curies":[{"name":"wp","href":"https:\/\/api.w.org\/{rel}","templated":true}]}}