{"id":192224,"date":"2025-12-17T16:27:41","date_gmt":"2025-12-17T16:27:41","guid":{"rendered":"https:\/\/www.europesays.com\/pt\/192224\/"},"modified":"2025-12-17T16:27:41","modified_gmt":"2025-12-17T16:27:41","slug":"ellen-perde-a-cabeca-e-ameaca-leona","status":"publish","type":"post","link":"https:\/\/www.europesays.com\/pt\/192224\/","title":{"rendered":"Ellen perde a cabe\u00e7a e amea\u00e7a Leona"},"content":{"rendered":"<p>Nos pr\u00f3ximos cap\u00edtulos de Dona de Mim, Ellen (Camila Pitanga) \u00e9 colocada contra a parede por Leona (Clara Moneke), perde a paci\u00eancia com a ex-bab\u00e1 de Sofia (Elis Cabral) \u00e9 prova que n\u00e3o \u00e9 t\u00e3o boazinha quanto tenta aparentar.<\/p>\n<p>continua depois da publicidade<\/p>\n<p>De todos na casa dos Boaz, <a href=\"https:\/\/natelinha.uol.com.br\/novelas\/2025\/12\/12\/dona-de-mim-ellen-sofre-traicao-e-fica-perto-de-ser-desmascarada-235142.php\" rel=\"nofollow noopener\" target=\"_blank\">fica claro que a namorada de Marlon <\/a>(Humberto Morais) \u00e9 quem fica mais desconfiada da ex-mulher de Vanderson (Armando Babaioff), e motivos n\u00e3o lhe faltam.<\/p>\n<p><a href=\"https:\/\/natelinha.uol.com.br\/novelas\/dona-de-mim\/personagem\/ellen\" rel=\"nofollow noopener\" target=\"_blank\">Ellen<\/a> se fingiu de morta por anos, e s\u00f3 voltou quando soube da morte do pai de <a href=\"https:\/\/natelinha.uol.com.br\/novelas\/dona-de-mim\/personagem\/sofia\" rel=\"nofollow noopener\" target=\"_blank\">Sofia<\/a>, e de que a menina \u00e9 a maior acionista da f\u00e1brica de lingerie. <a href=\"https:\/\/natelinha.uol.com.br\/novelas\/2025\/12\/10\/dona-de-mim-hudson-faz-descoberta-que-pode-mudar-destino-de-sofia--235029.php\" rel=\"nofollow noopener\" target=\"_blank\">Casada com Hudson<\/a> (Em\u00edlio Dantas), a morta-viva aparece com uma barriga falsa de gr\u00e1vida e uma crian\u00e7a que apresenta como sendo seu enteado.<\/p>\n<p>S\u00f3 que Igor (Theo Mattos) faz amizade com a neta de Rosa (Suely Franco) e deixa escapar v\u00e1rios furos do casal. Inclusive, sobre a sua paternidade. Confrontada por <a href=\"https:\/\/natelinha.uol.com.br\/novelas\/dona-de-mim\/personagem\/leona\" rel=\"nofollow noopener\" target=\"_blank\">Leona<\/a>, a m\u00e3e da garotinha perde a paci\u00eancia e amea\u00e7a a ex-bab\u00e1. Saiba mais!<\/p>\n<p>continua depois da publicidade<\/p>\n<p>Em Dona de Mim, Igor tira a m\u00e1scara de Ellen e Hudson<br \/>\n<img decoding=\"async\" loading=\"lazy\" class=\"horizontal\" src=\"https:\/\/www.europesays.com\/pt\/wp-content\/uploads\/2025\/12\/tv-globo-dona-de-mim-igor-entrega-podre-de-ellen_3475.jpeg\" width=\"1280\" height=\"719\" alt=\"Dona de Mim: Ellen perde a cabe\u00e7a e amea\u00e7a Leona\"\/><\/p>\n<p>Nas emo\u00e7\u00f5es finais de <a href=\"https:\/\/natelinha.uol.com.br\/novelas\/dona-de-mim\" rel=\"nofollow noopener\" target=\"_blank\">Dona de Mim<\/a>, o tempo vai fechar entre Leona e Ellen. A estudante de marketing descobre v\u00e1rias mentiras da falecida, coloca a m\u00e3e de Sofia contra a parede e acaba amea\u00e7ada pela golpista.<\/p>\n<p>Quando decidiu voltar para procurar a filha, a m\u00e3e de Sofia vem acompanhada de Hudson, seu atual companheiro, e de Igor, um menino que ser\u00e1 apresentado como sendo filho do malandro e enteado da falecida.<\/p>\n<p><a href=\"https:\/\/natelinha.uol.com.br\/novelas\/2025\/12\/13\/dona-de-mim-hudson-manipula-ellen-para-conseguir-a-guarda-de-sofia---235188.php\" rel=\"nofollow noopener\" target=\"_blank\">+\u00a0Dona de Mim: Hudson manipula Ellen para conseguir a guarda de Sofia<\/a><\/p>\n<p>continua depois da publicidade<\/p>\n<p>Al\u00e9m disso, Samuel foi o primeiro a reconhecer Ellen na rua. Na ocasi\u00e3o, a ex-mulher de Vanderson estava usando uma barriga falsa de gr\u00e1vida. Por causa do incidente. ela foi obrigada a aparecer para a menina assim tamb\u00e9m.<\/p>\n<p>Em conversa com os Boaz, a interesseira justifica sua aus\u00eancia durante todos esses anos jogando a culpa no pai biol\u00f3gico de Sofia, que ser\u00e1 descrito como um homem perigoso, e que poderia fazer mal \u00e0s duas, caso soubessem onde elas estavam.<\/p>\n<p>Diante de todo o terror que Sofia passou nas m\u00e3os de Vanderson, a fam\u00edlia de Abel acaba comprando a hist\u00f3ria de Ellen. Com exce\u00e7\u00e3o de Leona, que desconfia da falsiane logo de cara.<\/p>\n<p>continua depois da publicidade<\/p>\n<p>Samuel chega a falar com Ayla (Bel Lima) sobre as impress\u00f5es da ex-namorada, mas para a irm\u00e3 de Davi (Rafael Vitti) tudo n\u00e3o passa de ci\u00fames da estudante de marketing pela neta de Rosa.<\/p>\n<p>O tempo, por\u00e9m, dir\u00e1 que Leona est\u00e1 certa. E quem dar\u00e1 um empurr\u00e3ozinho para a ex-bab\u00e1 ser\u00e1 justamente Igor. O menino acaba dicando pr\u00f3ximo de Sofia e dando com a l\u00edngua nos dentes.<\/p>\n<p>Primeiro ele deixa escapar que &#8220;sua fam\u00edlia&#8221; pretende se mudar com para Portugal. Ao saber disso, a namorada de Marlon corre para contar a Samuel que questiona se Ellen est\u00e1 pensando em levar sua irm\u00e3zinha tamb\u00e9m.<\/p>\n<p>continua depois da publicidade<\/p>\n<p><strong><a href=\"https:\/\/natelinha.uol.com.br\/novelas\/2025\/12\/11\/dona-de-mim-sofia-arma-pegadinha-contra-vivian-acerta-leona-e-leva-bronca--235092.php\" rel=\"nofollow noopener\" target=\"_blank\">+\u00a0Dona de Mim: Sofia arma pegadinha contra Vivian, acerta Leona e leva bronca<\/a><\/strong><\/p>\n<p>A golpista, por\u00e9m, consegue contornar a situa\u00e7\u00e3o. S\u00f3 que logo em seguida, o garotinho confessa que n\u00e3o \u00e9 filho de Hudson. Chocada, Leona volta a colocar a golpista contra a parede.<\/p>\n<p>Se sentindo vigiada, a m\u00e3e de Sofia perde a paci\u00eancia, coloca a ex-funcion\u00e1ria dos Boaz em seu devido lugar e manda a intrometida parar de tomar conta da sua vida. Quando percebe a besteira que fez, por\u00e9m, a falecida muda o tom de voz e reafirma que s\u00f3 quer se entender com a menina.<\/p>\n<p>continua depois da publicidade<\/p>\n<p>A cena est\u00e1 prevista para ir ao ar no cap\u00edtulo do dia 17 de dezembro.<\/p>\n<p>\u00a0\u00a0O\u00a0<strong>NaTelinha<\/strong>\u00a0divulga todos os dias os\u00a0<a href=\"https:\/\/natelinha.uol.com.br\/novelas\" rel=\"nofollow noopener\" target=\"_blank\">resumos dos cap\u00edtulos<\/a>, detalhes dos personagens, entrevistas exclusivas com o elenco e spoiler da novela Dona de Mim.\u00a0<\/p>\n<p><strong>Assista ao\u00a0v\u00eddeo de abertura da novela das sete:\u00a0 \u00a0<\/strong><\/p>\n<p>                                <img decoding=\"async\" loading=\"lazy\" class=\"horizontal\" alt=\"Imagem da thumbnail do v\u00eddeo!\" src=\"https:\/\/www.europesays.com\/pt\/wp-content\/uploads\/2025\/09\/1757761575_881_hqdefault.jpg\"\/><\/p>\n","protected":false},"excerpt":{"rendered":"Nos pr\u00f3ximos cap\u00edtulos de Dona de Mim, Ellen (Camila Pitanga) \u00e9 colocada contra a parede por Leona (Clara&hellip;\n","protected":false},"author":2,"featured_media":192225,"comment_status":"","ping_status":"","sticky":false,"template":"","format":"standard","meta":{"footnotes":""},"categories":[142],"tags":[1718,5437,114,115,1719,32,33,4906,151],"class_list":{"0":"post-192224","1":"post","2":"type-post","3":"status-publish","4":"format-standard","5":"has-post-thumbnail","7":"category-tv","8":"tag-dona-de-mim","9":"tag-ellen-dona-de-mim","10":"tag-entertainment","11":"tag-entretenimento","12":"tag-leona-dona-de-mim","13":"tag-portugal","14":"tag-pt","15":"tag-sofia-dona-de-mim","16":"tag-tv"},"share_on_mastodon":{"url":"https:\/\/pubeurope.com\/@pt\/115735851876445269","error":""},"_links":{"self":[{"href":"https:\/\/www.europesays.com\/pt\/wp-json\/wp\/v2\/posts\/192224","targetHints":{"allow":["GET"]}}],"collection":[{"href":"https:\/\/www.europesays.com\/pt\/wp-json\/wp\/v2\/posts"}],"about":[{"href":"https:\/\/www.europesays.com\/pt\/wp-json\/wp\/v2\/types\/post"}],"author":[{"embeddable":true,"href":"https:\/\/www.europesays.com\/pt\/wp-json\/wp\/v2\/users\/2"}],"replies":[{"embeddable":true,"href":"https:\/\/www.europesays.com\/pt\/wp-json\/wp\/v2\/comments?post=192224"}],"version-history":[{"count":0,"href":"https:\/\/www.europesays.com\/pt\/wp-json\/wp\/v2\/posts\/192224\/revisions"}],"wp:featuredmedia":[{"embeddable":true,"href":"https:\/\/www.europesays.com\/pt\/wp-json\/wp\/v2\/media\/192225"}],"wp:attachment":[{"href":"https:\/\/www.europesays.com\/pt\/wp-json\/wp\/v2\/media?parent=192224"}],"wp:term":[{"taxonomy":"category","embeddable":true,"href":"https:\/\/www.europesays.com\/pt\/wp-json\/wp\/v2\/categories?post=192224"},{"taxonomy":"post_tag","embeddable":true,"href":"https:\/\/www.europesays.com\/pt\/wp-json\/wp\/v2\/tags?post=192224"}],"curies":[{"name":"wp","href":"https:\/\/api.w.org\/{rel}","templated":true}]}}