{"id":192226,"date":"2025-12-17T16:29:12","date_gmt":"2025-12-17T16:29:12","guid":{"rendered":"https:\/\/www.europesays.com\/pt\/192226\/"},"modified":"2025-12-17T16:29:12","modified_gmt":"2025-12-17T16:29:12","slug":"documentario-sobre-morte-de-edmond-safra-estreia-na-netflix-saiba-o-que-esperar","status":"publish","type":"post","link":"https:\/\/www.europesays.com\/pt\/192226\/","title":{"rendered":"Document\u00e1rio sobre morte de Edmond Safra estreia na Netflix; saiba o que esperar"},"content":{"rendered":"<p>Nesta quarta-feira (17), a Netflix lan\u00e7a um novo document\u00e1rio sobre a <strong>morte do banqueiro bilion\u00e1rio Edmond Safra, \u201cAssassinato em M\u00f4naco\u201d<\/strong>. O longa acompanha entrevistas com diversas partes presentes nas investiga\u00e7\u00f5es, incluindo o considerado assassino.<\/p>\n<p>Dirigido por Hodges Usry, o document\u00e1rio re\u00fane relatos e reportagens de 1999, ano da <a href=\"https:\/\/www.infomoney.com.br\/tudo-sobre\/safra\" target=\"_blank\" rel=\"noreferrer noopener nofollow\">morte de Safra<\/a>, para os espectadores avaliarem quem foi o real respons\u00e1vel pela trag\u00e9dia: o enfermeiro, os russos ou a vi\u00fava.<\/p>\n<p><strong>LEIA TAMB\u00c9M:<\/strong><\/p>\n<p>\t\t\t\t\t\t\t\t\t\tPlanejamento financeiro\t\t\t\t\t\t\t\t\t<\/p>\n<p>\t\t\t\t\t\t\t\t\t\tBaixe gratuitamente!\n\t\t\t\t\t\t\t\t\t\t\t\t\t\t\t<\/p>\n<p>\t\t\t\t\t\t<img decoding=\"async\" class=\"w-full h-full object-cover\" src=\"https:\/\/www.europesays.com\/pt\/wp-content\/uploads\/2025\/12\/1765988951_763_WhatsApp-Image-2025-11-03-at-15.45.16.jpeg\" alt=\"\"\/><\/p>\n<p>Esse foi um dos crimes que mais chocou o mundo, visto a alta seguran\u00e7a de M\u00f4naco e o apartamento de alto luxo do banqueiro, no edif\u00edcio Belle \u00c9poque.<\/p>\n<p>            <img decoding=\"async\" class=\"w-full\" src=\"https:\/\/www.europesays.com\/pt\/wp-content\/uploads\/2025\/12\/sddefault.webp.webp\" \/><\/p>\n<p>Como foi o assassinato de Edmond Safra?<\/p>\n<p>Em 10 de dezembro de 1999, Edmond Safra e sua enfermeira faleceram dentro do banheiro do apartamento luxuoso em M\u00f4naco. <strong>A causa da morte foi asfixia devido a um inc\u00eandio planejado<\/strong>.<\/p>\n<p>Na \u00e9poca, o empres\u00e1rio estava em est\u00e1gio avan\u00e7ado da doen\u00e7a de Parkinson, o que exigia cuidados especiais e di\u00e1rios. <strong>O enfermeiro americano Ted Maher foi condenado a 10 anos de pris\u00e3o por orquestrar a morte de Safra<\/strong>.<\/p>\n<p class=\"py-2\">Continua depois da publicidade<\/p>\n<p>Ele teria dito \u00e0 pol\u00edcia no dia do acidente que dois homens entraram no apartamento, o esfaquearam e atearam fogo no local. Safra estaria trancado no banheiro e morreu por asfixia. No entanto, a vers\u00e3o foi desmentida pelos investigadores, que indicaram Maher como o criminoso, respons\u00e1vel por se esfaquear e iniciar o inc\u00eandio.<\/p>\n<p>Sua defesa alegou que ele foi utilizado como um bode expiat\u00f3rio, pois n\u00e3o teria motivos para matar seu chefe. No entanto, ele confessou o crime eventualmente, o que ocasionou na sua pris\u00e3o. A defesa de Maher alegou que ele foi coagido a confessar e assinar um acordo que estava em franc\u00eas, idioma que n\u00e3o sabia ler.<\/p>\n<p>Maher culpa a m\u00e1fia russa de atacar Safra, em meio algumas negocia\u00e7\u00f5es da institui\u00e7\u00e3o financeira que n\u00e3o agradaram os russos. Outras suspeitas veem a vi\u00fava, Lily Safra, como uma poss\u00edvel suspeita de ter matado o marido.<\/p>\n<p>Lily tinha fortuna de US$ 1,3 bilh\u00e3o (cerca de R$ 5 bilh\u00f5es), segundo lista anual da revista Forbes.\u00a0Ela faleceu em 2022.<\/p>\n","protected":false},"excerpt":{"rendered":"Nesta quarta-feira (17), a Netflix lan\u00e7a um novo document\u00e1rio sobre a morte do banqueiro bilion\u00e1rio Edmond Safra, \u201cAssassinato&hellip;\n","protected":false},"author":2,"featured_media":192227,"comment_status":"","ping_status":"","sticky":false,"template":"","format":"standard","meta":{"footnotes":""},"categories":[140],"tags":[1414,114,115,147,471,148,146,716,32,33,38625],"class_list":{"0":"post-192226","1":"post","2":"type-post","3":"status-publish","4":"format-standard","5":"has-post-thumbnail","7":"category-filmes","8":"tag-documentario","9":"tag-entertainment","10":"tag-entretenimento","11":"tag-film","12":"tag-filme","13":"tag-filmes","14":"tag-movies","15":"tag-netflix","16":"tag-portugal","17":"tag-pt","18":"tag-safra"},"share_on_mastodon":{"url":"https:\/\/pubeurope.com\/@pt\/115735859810277547","error":""},"_links":{"self":[{"href":"https:\/\/www.europesays.com\/pt\/wp-json\/wp\/v2\/posts\/192226","targetHints":{"allow":["GET"]}}],"collection":[{"href":"https:\/\/www.europesays.com\/pt\/wp-json\/wp\/v2\/posts"}],"about":[{"href":"https:\/\/www.europesays.com\/pt\/wp-json\/wp\/v2\/types\/post"}],"author":[{"embeddable":true,"href":"https:\/\/www.europesays.com\/pt\/wp-json\/wp\/v2\/users\/2"}],"replies":[{"embeddable":true,"href":"https:\/\/www.europesays.com\/pt\/wp-json\/wp\/v2\/comments?post=192226"}],"version-history":[{"count":0,"href":"https:\/\/www.europesays.com\/pt\/wp-json\/wp\/v2\/posts\/192226\/revisions"}],"wp:featuredmedia":[{"embeddable":true,"href":"https:\/\/www.europesays.com\/pt\/wp-json\/wp\/v2\/media\/192227"}],"wp:attachment":[{"href":"https:\/\/www.europesays.com\/pt\/wp-json\/wp\/v2\/media?parent=192226"}],"wp:term":[{"taxonomy":"category","embeddable":true,"href":"https:\/\/www.europesays.com\/pt\/wp-json\/wp\/v2\/categories?post=192226"},{"taxonomy":"post_tag","embeddable":true,"href":"https:\/\/www.europesays.com\/pt\/wp-json\/wp\/v2\/tags?post=192226"}],"curies":[{"name":"wp","href":"https:\/\/api.w.org\/{rel}","templated":true}]}}