{"id":192236,"date":"2025-12-17T16:35:21","date_gmt":"2025-12-17T16:35:21","guid":{"rendered":"https:\/\/www.europesays.com\/pt\/192236\/"},"modified":"2025-12-17T16:35:21","modified_gmt":"2025-12-17T16:35:21","slug":"australia-atirador-do-ataque-de-bondi-acusado-de-59-crimes","status":"publish","type":"post","link":"https:\/\/www.europesays.com\/pt\/192236\/","title":{"rendered":"Austr\u00e1lia. Atirador do ataque de Bondi acusado de 59 crimes"},"content":{"rendered":"<p>                Naveed Akram foi acusado esta quarta-feira de 59 crimes, incluindo terrorismo, 15 de homic\u00eddio, 40 de homic\u00eddio tentado e coloca\u00e7\u00e3o de explosivos. As acusa\u00e7\u00f5es correspondem ao n\u00famero de v\u00edtimas mortais e de feridos. <\/p>\n<p>Incluem-se na lista de acusa\u00e7\u00f5es <b>o crime de exibi\u00e7\u00e3o p\u00fablica de s\u00edmbolos terroristas<\/b>, nomeadamente a presen\u00e7a de duas bandeiras feitas \u00e0 m\u00e3o do Estado Isl\u00e2mico no carro do suspeito.Naveed Akram ser\u00e1 ouvido em tribunal atrav\u00e9s de videoconfer\u00eancia.<\/p>\n<p><b>O ataque na Praia de Bondi \u00e9 classificado pela Pol\u00edcia de Nova Gales do Sul como um \u201cterrorista\u201d<\/b>. Dois homens, pai e filho, abriram fogo contra dezenas de pessoas que estavam no local a celebrar o primeiro dia da festa judaica do Hanukkah.<\/p>\n<p><b>Os n\u00fameros corrigidos nas \u00faltimas horas d\u00e3o conta de 15 mortos e de 41 feridos, 20 deles ainda internados em v\u00e1rios hospitais de Sydney<\/b>.O pai, Sajid, foi morto no local pela pol\u00edcia, enquanto o filho foi ferido com gravidade, encontrando-se no hospital sob cust\u00f3dia policial.<br \/>&#13;<br \/>\n&#13;\n<\/p>\n<p>O ataque foi tamb\u00e9m marcado por exemplos de hero\u00edsmo, com tr\u00eas pessoas a intervirem para combaterem os suspeitos. <b>Um casal, Boris e Sofia Gurman, tentou arrancar as armas ao suspeito mais velho, mas acabaram por ser assassinados<\/b>.<br \/>&#13;<br \/>\n<b><br \/>&#13;<br \/>\nJ\u00e1 Ahmed Al Ahmed, vendedor de fruta de origem s\u00edria, correu em dire\u00e7\u00e3o ao suspeito mais novo, conseguindo retirar-lhe a espingarda, algo descrito pelas autoridades como tendo evitado uma trag\u00e9dia maior<\/b>. Foi alvejado no ombro e encontra-se agora fora de perigo, tendo j\u00e1 sido visitado pelo primeiro-ministro australiano.<\/p>\n<p>As autoridades acreditam que os suspeitos agiram de forma isolada, mas influenciados por ideologias do Estado Isl\u00e2mico, o que poder\u00e1 ter estado na origem da viagem feita em novembro para o sul das Filipinas, suspeita de abrigar c\u00e9lulas terroristas. <\/p>\n<p>No entanto, <b>a Presid\u00eancia filipina veio rejeitar a \u201cdescri\u00e7\u00e3o enganosa das Filipinas como um centro de forma\u00e7\u00e3o para o Estado Isl\u00e2mico\u201d<\/b>.<\/p>\n<p>O ataque teve v\u00e1rias repercuss\u00f5es na Austr\u00e1lia e no mundo, com o primeiro-ministro australiano, Anthony Albanese, a anunciar restri\u00e7\u00f5es \u00e0 lei das aramas, nomeadamente a limita\u00e7\u00e3o do n\u00famero de armas por indiv\u00edduo, o uso da intelig\u00eancia criminal \u2013 em vez de apenas registo criminal \u2013 e a limita\u00e7\u00e3o da licen\u00e7a de porte de arma a cidad\u00e3os australianos. <\/p>\n<p>A limita\u00e7\u00e3o das armas por indiv\u00edduo \u00e9 influenciada pelo facto de Sajid Akram ter na sua posse seis armas, licenciadas legalmente por fazer parte de um clube de ca\u00e7a.&#13;\n            <\/p>\n","protected":false},"excerpt":{"rendered":"Naveed Akram foi acusado esta quarta-feira de 59 crimes, incluindo terrorismo, 15 de homic\u00eddio, 40 de homic\u00eddio tentado&hellip;\n","protected":false},"author":2,"featured_media":192237,"comment_status":"","ping_status":"","sticky":false,"template":"","format":"standard","meta":{"footnotes":""},"categories":[50],"tags":[38629,79,32763,38627,2337,38628,27,28,15,16,14,25,26,21,22,62,12,13,19,20,80,23,24,17,18,29,30,31,63,64,65],"class_list":{"0":"post-192236","1":"post","2":"type-post","3":"status-publish","4":"format-standard","5":"has-post-thumbnail","7":"category-mundo","8":"tag-acusado","9":"tag-ataque","10":"tag-atentado","11":"tag-atirador","12":"tag-australia","13":"tag-bondi","14":"tag-breaking-news","15":"tag-breakingnews","16":"tag-featured-news","17":"tag-featurednews","18":"tag-headlines","19":"tag-latest-news","20":"tag-latestnews","21":"tag-main-news","22":"tag-mainnews","23":"tag-mundo","24":"tag-news","25":"tag-noticias","26":"tag-noticias-principais","27":"tag-noticiasprincipais","28":"tag-praia","29":"tag-principais-noticias","30":"tag-principaisnoticias","31":"tag-top-stories","32":"tag-topstories","33":"tag-ultimas","34":"tag-ultimas-noticias","35":"tag-ultimasnoticias","36":"tag-world","37":"tag-world-news","38":"tag-worldnews"},"share_on_mastodon":{"url":"https:\/\/pubeurope.com\/@pt\/115735882907254294","error":""},"_links":{"self":[{"href":"https:\/\/www.europesays.com\/pt\/wp-json\/wp\/v2\/posts\/192236","targetHints":{"allow":["GET"]}}],"collection":[{"href":"https:\/\/www.europesays.com\/pt\/wp-json\/wp\/v2\/posts"}],"about":[{"href":"https:\/\/www.europesays.com\/pt\/wp-json\/wp\/v2\/types\/post"}],"author":[{"embeddable":true,"href":"https:\/\/www.europesays.com\/pt\/wp-json\/wp\/v2\/users\/2"}],"replies":[{"embeddable":true,"href":"https:\/\/www.europesays.com\/pt\/wp-json\/wp\/v2\/comments?post=192236"}],"version-history":[{"count":0,"href":"https:\/\/www.europesays.com\/pt\/wp-json\/wp\/v2\/posts\/192236\/revisions"}],"wp:featuredmedia":[{"embeddable":true,"href":"https:\/\/www.europesays.com\/pt\/wp-json\/wp\/v2\/media\/192237"}],"wp:attachment":[{"href":"https:\/\/www.europesays.com\/pt\/wp-json\/wp\/v2\/media?parent=192236"}],"wp:term":[{"taxonomy":"category","embeddable":true,"href":"https:\/\/www.europesays.com\/pt\/wp-json\/wp\/v2\/categories?post=192236"},{"taxonomy":"post_tag","embeddable":true,"href":"https:\/\/www.europesays.com\/pt\/wp-json\/wp\/v2\/tags?post=192236"}],"curies":[{"name":"wp","href":"https:\/\/api.w.org\/{rel}","templated":true}]}}