{"id":192238,"date":"2025-12-17T16:36:12","date_gmt":"2025-12-17T16:36:12","guid":{"rendered":"https:\/\/www.europesays.com\/pt\/192238\/"},"modified":"2025-12-17T16:36:12","modified_gmt":"2025-12-17T16:36:12","slug":"pj-realiza-buscas-na-camara-municipal-de-mortagua","status":"publish","type":"post","link":"https:\/\/www.europesays.com\/pt\/192238\/","title":{"rendered":"PJ realiza buscas na C\u00e2mara Municipal de Mort\u00e1gua"},"content":{"rendered":"<p data-remotead-prev-elm=\"true\" data-remotead-elm-id=\"inread\">Em comunicado, a PJ precisa que o inqu\u00e9rito, tutelado pelo Departamento de Investiga\u00e7\u00e3o e A\u00e7\u00e3o Penal de Viseu, prende-se com &#8220;procedimentos adotados em processos de contrata\u00e7\u00e3o p\u00fablica&#8221;.<\/p>\n<p>As buscas tiveram como objetivo a recolha de diversos elementos probat\u00f3rios relevantes para o esclarecimento dos factos sob investiga\u00e7\u00e3o.<\/p>\n<p>&#8220;A PJ prosseguir\u00e1 a investiga\u00e7\u00e3o, procedendo \u00e0 an\u00e1lise da prova entretanto recolhida, de natureza documental e digital, com vista ao apuramento integral das eventuais condutas criminosas, do seu alcance e \u00e0 c\u00e9lere conclus\u00e3o do inqu\u00e9rito&#8221;, revelou a mesma pol\u00edcia.<\/p>\n","protected":false},"excerpt":{"rendered":"Em comunicado, a PJ precisa que o inqu\u00e9rito, tutelado pelo Departamento de Investiga\u00e7\u00e3o e A\u00e7\u00e3o Penal de Viseu,&hellip;\n","protected":false},"author":2,"featured_media":192239,"comment_status":"","ping_status":"","sticky":false,"template":"","format":"standard","meta":{"footnotes":""},"categories":[10],"tags":[27,28,6031,15,16,14,603,25,26,21,22,12,13,19,20,32,23,24,33,17,18,29,30,31],"class_list":{"0":"post-192238","1":"post","2":"type-post","3":"status-publish","4":"format-standard","5":"has-post-thumbnail","7":"category-portugal","8":"tag-breaking-news","9":"tag-breakingnews","10":"tag-buscas","11":"tag-featured-news","12":"tag-featurednews","13":"tag-headlines","14":"tag-justica","15":"tag-latest-news","16":"tag-latestnews","17":"tag-main-news","18":"tag-mainnews","19":"tag-news","20":"tag-noticias","21":"tag-noticias-principais","22":"tag-noticiasprincipais","23":"tag-portugal","24":"tag-principais-noticias","25":"tag-principaisnoticias","26":"tag-pt","27":"tag-top-stories","28":"tag-topstories","29":"tag-ultimas","30":"tag-ultimas-noticias","31":"tag-ultimasnoticias"},"share_on_mastodon":{"url":"https:\/\/pubeurope.com\/@pt\/115735886761328212","error":""},"_links":{"self":[{"href":"https:\/\/www.europesays.com\/pt\/wp-json\/wp\/v2\/posts\/192238","targetHints":{"allow":["GET"]}}],"collection":[{"href":"https:\/\/www.europesays.com\/pt\/wp-json\/wp\/v2\/posts"}],"about":[{"href":"https:\/\/www.europesays.com\/pt\/wp-json\/wp\/v2\/types\/post"}],"author":[{"embeddable":true,"href":"https:\/\/www.europesays.com\/pt\/wp-json\/wp\/v2\/users\/2"}],"replies":[{"embeddable":true,"href":"https:\/\/www.europesays.com\/pt\/wp-json\/wp\/v2\/comments?post=192238"}],"version-history":[{"count":0,"href":"https:\/\/www.europesays.com\/pt\/wp-json\/wp\/v2\/posts\/192238\/revisions"}],"wp:featuredmedia":[{"embeddable":true,"href":"https:\/\/www.europesays.com\/pt\/wp-json\/wp\/v2\/media\/192239"}],"wp:attachment":[{"href":"https:\/\/www.europesays.com\/pt\/wp-json\/wp\/v2\/media?parent=192238"}],"wp:term":[{"taxonomy":"category","embeddable":true,"href":"https:\/\/www.europesays.com\/pt\/wp-json\/wp\/v2\/categories?post=192238"},{"taxonomy":"post_tag","embeddable":true,"href":"https:\/\/www.europesays.com\/pt\/wp-json\/wp\/v2\/tags?post=192238"}],"curies":[{"name":"wp","href":"https:\/\/api.w.org\/{rel}","templated":true}]}}